{"id":42080,"date":"2025-09-29T14:35:34","date_gmt":"2025-09-29T12:35:34","guid":{"rendered":"https:\/\/www.green-expo.be\/?p=42080"},"modified":"2025-09-29T14:35:34","modified_gmt":"2025-09-29T12:35:34","slug":"une-revolution-dans-la-main-comment-felco-lutte-contre-la-societe-du-jetable-depuis-1945","status":"publish","type":"post","link":"https:\/\/www.green-expo.be\/fr\/une-revolution-dans-la-main-comment-felco-lutte-contre-la-societe-du-jetable-depuis-1945\/","title":{"rendered":"Une r\u00e9volution dans la main &#8211; comment FELCO lutte contre la soci\u00e9t\u00e9 du jetable depuis 1945"},"content":{"rendered":"\t\t<div data-elementor-type=\"wp-post\" data-elementor-id=\"42080\" class=\"elementor elementor-42080 elementor-41973\" data-elementor-post-type=\"post\">\n\t\t\t\t\t\t<section class=\"elementor-section elementor-top-section elementor-element elementor-element-eef7e99 elementor-section-boxed elementor-section-height-default elementor-section-height-default\" data-id=\"eef7e99\" data-element_type=\"section\">\n\t\t\t\t\t\t<div class=\"elementor-container elementor-column-gap-default\">\n\t\t\t\t\t<div class=\"elementor-column elementor-col-100 elementor-top-column elementor-element elementor-element-6ad8a6e\" data-id=\"6ad8a6e\" data-element_type=\"column\">\n\t\t\t<div class=\"elementor-widget-wrap elementor-element-populated\">\n\t\t\t\t\t\t<div class=\"elementor-element elementor-element-863dbe0 elementor-widget elementor-widget-text-editor\" data-id=\"863dbe0\" data-element_type=\"widget\" data-widget_type=\"text-editor.default\">\n\t\t\t\t<div class=\"elementor-widget-container\">\n\t\t\t\t\t\t\t\t\t<p>Nous vivons dans une soci\u00e9t\u00e9 du jetable. Ce qui est cass\u00e9 est souvent remplac\u00e9 imm\u00e9diatement. Pour de nombreux produits, la r\u00e9paration semble d\u00e9j\u00e0 ne plus \u00eatre une option. Mais chez FELCO, on pense diff\u00e9remment depuis 1945.<\/p>\n<p>Au lieu de suivre la logique de la mise au rebut, FELCO construit des outils de taille et de coupe qui sont r\u00e9ellement con\u00e7us pour durer. Pas seulement pour une saison, mais pour des d\u00e9cennies. Chaque pi\u00e8ce &#8211; de la lame au ressort &#8211; peut \u00eatre remplac\u00e9e. Parce que la v\u00e9ritable durabilit\u00e9 commence par la r\u00e9paration, et non par la mise au rebut.<\/p>\n<p>Derri\u00e8re cette philosophie se cache la vision du fondateur <strong>Felix Flisch<\/strong>, qui a r\u00e9invent\u00e9 les s\u00e9cateurs lourds en acier il y a 80 ans. En utilisant les techniques de l&rsquo;industrie horlog\u00e8re suisse (r\u00e9gion de Neuch\u00e2tel), il a d\u00e9velopp\u00e9 des mod\u00e8les plus l\u00e9gers avec des <strong>poign\u00e9es en aluminium<\/strong> et des <strong>pi\u00e8ces rempla\u00e7ables<\/strong>. Son objectif ? Travailler plus intelligemment, dans le respect des personnes, des mat\u00e9riaux et de la nature.<\/p>\n\t\t\t\t\t\t\t\t<\/div>\n\t\t\t\t<\/div>\n\t\t\t\t<div class=\"elementor-element elementor-element-db22106 elementor-widget elementor-widget-image\" data-id=\"db22106\" data-element_type=\"widget\" data-widget_type=\"image.default\">\n\t\t\t\t<div class=\"elementor-widget-container\">\n\t\t\t\t\t\t\t\t\t\t\t\t\t\t\t<img fetchpriority=\"high\" decoding=\"async\" width=\"1920\" height=\"1514\" src=\"https:\/\/easyfairsassets.com\/sites\/172\/2025\/05\/Print-format-FELCO-2_Corporate.jpeg\" class=\"attachment-full size-full wp-image-41985\" alt=\"\" srcset=\"https:\/\/easyfairsassets.com\/sites\/172\/2025\/05\/Print-format-FELCO-2_Corporate.jpeg 1920w, https:\/\/easyfairsassets.com\/sites\/172\/2025\/05\/Print-format-FELCO-2_Corporate-300x237.jpeg 300w, https:\/\/easyfairsassets.com\/sites\/172\/2025\/05\/Print-format-FELCO-2_Corporate-1024x807.jpeg 1024w, https:\/\/easyfairsassets.com\/sites\/172\/2025\/05\/Print-format-FELCO-2_Corporate-768x606.jpeg 768w, https:\/\/easyfairsassets.com\/sites\/172\/2025\/05\/Print-format-FELCO-2_Corporate-1536x1211.jpeg 1536w\" sizes=\"(max-width: 1920px) 100vw, 1920px\" \/>\t\t\t\t\t\t\t\t\t\t\t\t\t\t\t<\/div>\n\t\t\t\t<\/div>\n\t\t\t\t<div class=\"elementor-element elementor-element-3429b29 elementor-widget elementor-widget-text-editor\" data-id=\"3429b29\" data-element_type=\"widget\" data-widget_type=\"text-editor.default\">\n\t\t\t\t<div class=\"elementor-widget-container\">\n\t\t\t\t\t\t\t\t\t<p><strong><em>Restaurer au lieu de jeter<\/em><\/strong><\/p>\n<p>Aujourd&rsquo;hui encore, FELCO reste fid\u00e8le \u00e0 cette vision. Chaque pi\u00e8ce de ses outils est rempla\u00e7able. Les personnes qui entretiennent correctement leur s\u00e9cateur peuvent l&rsquo;utiliser pendant des d\u00e9cennies. Ce n&rsquo;est pas seulement bon pour l&rsquo;environnement, mais aussi pour votre budget. Moins de d\u00e9chets, moins de d\u00e9chets, plus de valeur \u00e0 long terme.<\/p>\n\t\t\t\t\t\t\t\t<\/div>\n\t\t\t\t<\/div>\n\t\t<div class=\"elementor-element elementor-element-c8ad7b4 e-flex e-con-boxed e-con e-parent\" data-id=\"c8ad7b4\" data-element_type=\"container\">\n\t\t\t\t\t<div class=\"e-con-inner\">\n\t\t\t\t<div class=\"elementor-element elementor-element-4d06466 elementor-widget__width-initial elementor-widget elementor-widget-image\" data-id=\"4d06466\" data-element_type=\"widget\" data-widget_type=\"image.default\">\n\t\t\t\t<div class=\"elementor-widget-container\">\n\t\t\t\t\t\t\t\t\t\t\t\t\t\t\t<img decoding=\"async\" width=\"1280\" height=\"1920\" src=\"https:\/\/easyfairsassets.com\/sites\/172\/2025\/05\/Print-format-Shooting-2020-Landeron-FELCO-981-02.jpg\" class=\"attachment-full size-full wp-image-41987\" alt=\"\" srcset=\"https:\/\/easyfairsassets.com\/sites\/172\/2025\/05\/Print-format-Shooting-2020-Landeron-FELCO-981-02.jpg 1280w, https:\/\/easyfairsassets.com\/sites\/172\/2025\/05\/Print-format-Shooting-2020-Landeron-FELCO-981-02-200x300.jpg 200w, https:\/\/easyfairsassets.com\/sites\/172\/2025\/05\/Print-format-Shooting-2020-Landeron-FELCO-981-02-683x1024.jpg 683w, https:\/\/easyfairsassets.com\/sites\/172\/2025\/05\/Print-format-Shooting-2020-Landeron-FELCO-981-02-768x1152.jpg 768w, https:\/\/easyfairsassets.com\/sites\/172\/2025\/05\/Print-format-Shooting-2020-Landeron-FELCO-981-02-1024x1536.jpg 1024w\" sizes=\"(max-width: 1280px) 100vw, 1280px\" \/>\t\t\t\t\t\t\t\t\t\t\t\t\t\t\t<\/div>\n\t\t\t\t<\/div>\n\t\t\t\t<div class=\"elementor-element elementor-element-af91d25 elementor-widget elementor-widget-image\" data-id=\"af91d25\" data-element_type=\"widget\" data-widget_type=\"image.default\">\n\t\t\t\t<div class=\"elementor-widget-container\">\n\t\t\t\t\t\t\t\t\t\t\t\t\t\t\t<img decoding=\"async\" width=\"1920\" height=\"1282\" src=\"https:\/\/easyfairsassets.com\/sites\/172\/2025\/05\/Print-format-FELCO-905.jpg\" class=\"attachment-full size-full wp-image-41989\" alt=\"\" srcset=\"https:\/\/easyfairsassets.com\/sites\/172\/2025\/05\/Print-format-FELCO-905.jpg 1920w, https:\/\/easyfairsassets.com\/sites\/172\/2025\/05\/Print-format-FELCO-905-300x200.jpg 300w, https:\/\/easyfairsassets.com\/sites\/172\/2025\/05\/Print-format-FELCO-905-1024x684.jpg 1024w, https:\/\/easyfairsassets.com\/sites\/172\/2025\/05\/Print-format-FELCO-905-768x513.jpg 768w, https:\/\/easyfairsassets.com\/sites\/172\/2025\/05\/Print-format-FELCO-905-1536x1026.jpg 1536w\" sizes=\"(max-width: 1920px) 100vw, 1920px\" \/>\t\t\t\t\t\t\t\t\t\t\t\t\t\t\t<\/div>\n\t\t\t\t<\/div>\n\t\t\t\t\t<\/div>\n\t\t\t\t<\/div>\n\t\t\t\t<div class=\"elementor-element elementor-element-18e45ff elementor-widget elementor-widget-text-editor\" data-id=\"18e45ff\" data-element_type=\"widget\" data-widget_type=\"text-editor.default\">\n\t\t\t\t<div class=\"elementor-widget-container\">\n\t\t\t\t\t\t\t\t\t<p><strong><em>La durabilit\u00e9 en tant que vision globale<\/em><\/strong><\/p>\n<p>La durabilit\u00e9 ne s&rsquo;arr\u00eate pas au produit. FELCO fonctionne enti\u00e8rement \u00e0 l&rsquo;\u00e9nergie renouvelable, dont une grande partie est produite par des panneaux solaires install\u00e9s sur le site de l&rsquo;usine. Les ruches pr\u00e9sentes sur le site constituent un engagement visible en faveur de la biodiversit\u00e9.<\/p>\n<p>Le processus de production opte \u00e9galement pour des mat\u00e9riaux recycl\u00e9s, un approvisionnement local et une coop\u00e9ration avec des ateliers sociaux. L&#8217;empreinte \u00e9cologique est ainsi r\u00e9duite au minimum, sans compromis sur la qualit\u00e9.<\/p>\n<p>En outre, FELCO s&rsquo;est fix\u00e9 comme objectif interne d&rsquo;\u00e9conomiser 125 tonnes de CO\u2082 par mois. Cet objectif est atteint gr\u00e2ce \u00e0 une s\u00e9rie d&rsquo;actions concr\u00e8tes : du remplacement de pi\u00e8ces plut\u00f4t que d&rsquo;outils entiers \u00e0 l&rsquo;encouragement des transports verts pour les employ\u00e9s. Pensez aux indemnit\u00e9s de v\u00e9lo, aux initiatives de covoiturage et aux navettes \u00e9lectriques pour se rendre au travail.<\/p>\n<p><strong><em>Des outils qui vont plus loin<\/em><\/strong><\/p>\n<p>Lorsque vous travaillez en vert, vous travaillez avec et pour la nature. Chaque outil que vous choisissez fait la diff\u00e9rence. Avec FELCO, vous choisissez des produits qui durent, qui sont faciles \u00e0 r\u00e9parer et qui sont fabriqu\u00e9s dans le respect des personnes et de l&rsquo;environnement. Vous contribuez ainsi \u00e0 construire un avenir vert, une coupe \u00e0 la fois.<\/p>\n\t\t\t\t\t\t\t\t<\/div>\n\t\t\t\t<\/div>\n\t\t\t\t\t<\/div>\n\t\t<\/div>\n\t\t\t\t\t<\/div>\n\t\t<\/section>\n\t\t\t\t<\/div>\n\t\t","protected":false},"excerpt":{"rendered":"<p>Nous vivons dans une soci\u00e9t\u00e9 du jetable. Ce qui est cass\u00e9 est souvent remplac\u00e9 imm\u00e9diatement. Pour de nombreux produits, la r\u00e9paration semble d\u00e9j\u00e0 ne plus \u00eatre une option. Mais chez FELCO, on pense diff\u00e9remment depuis 1945. Au lieu de suivre la logique de la mise au rebut, FELCO construit des outils de taille et de [&hellip;]<\/p>\n","protected":false},"author":1351,"featured_media":41981,"comment_status":"open","ping_status":"open","sticky":false,"template":"","format":"standard","meta":{"_seopress_robots_primary_cat":"321","_seopress_titles_title":"","_seopress_titles_desc":"","_seopress_robots_index":"","footnotes":""},"categories":[447],"tags":[],"edition":[422],"class_list":["post-42080","post","type-post","status-publish","format-standard","has-post-thumbnail","hentry","category-exposanten-flash-fr","edition-green-2026"],"_links":{"self":[{"href":"https:\/\/www.green-expo.be\/fr\/wp-json\/wp\/v2\/posts\/42080","targetHints":{"allow":["GET"]}}],"collection":[{"href":"https:\/\/www.green-expo.be\/fr\/wp-json\/wp\/v2\/posts"}],"about":[{"href":"https:\/\/www.green-expo.be\/fr\/wp-json\/wp\/v2\/types\/post"}],"author":[{"embeddable":true,"href":"https:\/\/www.green-expo.be\/fr\/wp-json\/wp\/v2\/users\/1351"}],"replies":[{"embeddable":true,"href":"https:\/\/www.green-expo.be\/fr\/wp-json\/wp\/v2\/comments?post=42080"}],"version-history":[{"count":1,"href":"https:\/\/www.green-expo.be\/fr\/wp-json\/wp\/v2\/posts\/42080\/revisions"}],"predecessor-version":[{"id":42081,"href":"https:\/\/www.green-expo.be\/fr\/wp-json\/wp\/v2\/posts\/42080\/revisions\/42081"}],"wp:featuredmedia":[{"embeddable":true,"href":"https:\/\/www.green-expo.be\/fr\/wp-json\/wp\/v2\/media\/41981"}],"wp:attachment":[{"href":"https:\/\/www.green-expo.be\/fr\/wp-json\/wp\/v2\/media?parent=42080"}],"wp:term":[{"taxonomy":"category","embeddable":true,"href":"https:\/\/www.green-expo.be\/fr\/wp-json\/wp\/v2\/categories?post=42080"},{"taxonomy":"post_tag","embeddable":true,"href":"https:\/\/www.green-expo.be\/fr\/wp-json\/wp\/v2\/tags?post=42080"},{"taxonomy":"edition","embeddable":true,"href":"https:\/\/www.green-expo.be\/fr\/wp-json\/wp\/v2\/edition?post=42080"}],"curies":[{"name":"wp","href":"https:\/\/api.w.org\/{rel}","templated":true}]}}