{"id":42088,"date":"2025-09-29T14:34:53","date_gmt":"2025-09-29T12:34:53","guid":{"rendered":"https:\/\/www.green-expo.be\/?p=42088"},"modified":"2025-09-29T14:34:53","modified_gmt":"2025-09-29T12:34:53","slug":"compacte-et-sans-emissions-la-force-silencieuse-de-lavenir","status":"publish","type":"post","link":"https:\/\/www.green-expo.be\/fr\/compacte-et-sans-emissions-la-force-silencieuse-de-lavenir\/","title":{"rendered":"Compacte et sans \u00e9missions : la force silencieuse de l&rsquo;avenir"},"content":{"rendered":"\t\t<div data-elementor-type=\"wp-post\" data-elementor-id=\"42088\" class=\"elementor elementor-42088 elementor-42040\" data-elementor-post-type=\"post\">\n\t\t\t\t\t\t<section class=\"elementor-section elementor-top-section elementor-element elementor-element-796ab47 elementor-section-boxed elementor-section-height-default elementor-section-height-default\" data-id=\"796ab47\" data-element_type=\"section\">\n\t\t\t\t\t\t<div class=\"elementor-container elementor-column-gap-default\">\n\t\t\t\t\t<div class=\"elementor-column elementor-col-100 elementor-top-column elementor-element elementor-element-80ad124\" data-id=\"80ad124\" data-element_type=\"column\">\n\t\t\t<div class=\"elementor-widget-wrap elementor-element-populated\">\n\t\t\t\t\t\t<div class=\"elementor-element elementor-element-285895a elementor-widget elementor-widget-text-editor\" data-id=\"285895a\" data-element_type=\"widget\" data-widget_type=\"text-editor.default\">\n\t\t\t\t<div class=\"elementor-widget-container\">\n\t\t\t\t\t\t\t\t\t<p><strong>Compacte et sans \u00e9missions : la force silencieuse de l&rsquo;avenir<\/strong><\/p>\n<p>Dans la recherche de solutions durables pour le travail dans les espaces publics, l&rsquo;am\u00e9nagement paysager et les environnements urbains, l&rsquo;\u00e9lectrification des machines joue un r\u00f4le de plus en plus important. Le bruit et les \u00e9missions sont de moins en moins acceptables, en particulier dans les zones r\u00e9sidentielles, les zones touristiques ou les lieux sensibles tels que les parcs et les cimeti\u00e8res.<\/p>\n<p>C&rsquo;est pr\u00e9cis\u00e9ment l\u00e0 que la Sch\u00e4ffer 14e, une chargeuse sur pneus enti\u00e8rement \u00e9lectrique, fait la diff\u00e9rence.<\/p>\n<p><strong>Travail silencieux et propre dans des environnements sensibles<\/strong><\/p>\n<p>Le 14e est con\u00e7u avec une mission claire : des performances maximales sans bruit ni \u00e9missions. Gr\u00e2ce \u00e0 son puissant moteur \u00e9lectrique de 9,6 kW et \u00e0 sa batterie lithium-ion de 48 V, il fonctionne sans aucune \u00e9mission pendant une dur\u00e9e pouvant aller jusqu&rsquo;\u00e0 2,5 heures. Il est donc id\u00e9al pour travailler dans les espaces int\u00e9rieurs, les espaces naturels ou les centres-villes, o\u00f9 les moteurs diesel traditionnels causent des nuisances ou sont m\u00eame interdits.<\/p>\n<p>Sa taille compacte (seulement 0,89 m\u00e8tre de large) et son poids l\u00e9ger (1,345 kg) le rendent \u00e9galement tr\u00e8s mobile et utilisable dans des endroits difficiles d&rsquo;acc\u00e8s. Le chargement se fait facilement via une prise standard ou une bo\u00eete murale de type 2 &#8211; aucune infrastructure sp\u00e9ciale n&rsquo;est n\u00e9cessaire.<\/p>\n\t\t\t\t\t\t\t\t<\/div>\n\t\t\t\t<\/div>\n\t\t\t\t<div class=\"elementor-element elementor-element-c08aecd elementor-widget elementor-widget-image\" data-id=\"c08aecd\" data-element_type=\"widget\" data-widget_type=\"image.default\">\n\t\t\t\t<div class=\"elementor-widget-container\">\n\t\t\t\t\t\t\t\t\t\t\t\t\t\t\t<img fetchpriority=\"high\" decoding=\"async\" width=\"1437\" height=\"1080\" src=\"https:\/\/easyfairsassets.com\/sites\/172\/2025\/05\/Schaffer-14e-Compacte-Wiellader-Chargeur-compact-2.jpg\" class=\"attachment-full size-full wp-image-42053\" alt=\"\" srcset=\"https:\/\/easyfairsassets.com\/sites\/172\/2025\/05\/Schaffer-14e-Compacte-Wiellader-Chargeur-compact-2.jpg 1437w, https:\/\/easyfairsassets.com\/sites\/172\/2025\/05\/Schaffer-14e-Compacte-Wiellader-Chargeur-compact-2-300x225.jpg 300w, https:\/\/easyfairsassets.com\/sites\/172\/2025\/05\/Schaffer-14e-Compacte-Wiellader-Chargeur-compact-2-1024x770.jpg 1024w, https:\/\/easyfairsassets.com\/sites\/172\/2025\/05\/Schaffer-14e-Compacte-Wiellader-Chargeur-compact-2-768x577.jpg 768w\" sizes=\"(max-width: 1437px) 100vw, 1437px\" \/>\t\t\t\t\t\t\t\t\t\t\t\t\t\t\t<\/div>\n\t\t\t\t<\/div>\n\t\t\t\t<div class=\"elementor-element elementor-element-7e99a89 elementor-widget elementor-widget-text-editor\" data-id=\"7e99a89\" data-element_type=\"widget\" data-widget_type=\"text-editor.default\">\n\t\t\t\t<div class=\"elementor-widget-container\">\n\t\t\t\t\t\t\t\t\t<p><strong>La pens\u00e9e durable dans la pratique<\/strong><\/p>\n<p>Les outils \u00e9lectriques jouent un r\u00f4le important dans le passage \u00e0 des m\u00e9thodes de construction respectueuses du climat et tourn\u00e9es vers l&rsquo;avenir. Ils contribuent \u00e0 :<\/p>\n<ul>\n<li>R\u00e9duction des \u00e9missions de CO\u2082 sur les chantiers de construction<\/li>\n<li>R\u00e9duction du niveau de bruit pour les personnes et la nature<\/li>\n<li>Meilleure qualit\u00e9 de l&rsquo;air dans les zones urbaines<\/li>\n<\/ul>\n<p><strong>Acc\u00e8s aux zones \u00e0 faibles \u00e9missions<\/strong><\/p>\n<p>Mais le choix de l&rsquo;\u00e9lectrique va au-del\u00e0 de la r\u00e9glementation : c&rsquo;est une d\u00e9marche logique pour toute entreprise qui souhaite se projeter dans l&rsquo;avenir et r\u00e9duire son empreinte carbone.<\/p>\n\t\t\t\t\t\t\t\t<\/div>\n\t\t\t\t<\/div>\n\t\t<div class=\"elementor-element elementor-element-a35df30 e-flex e-con-boxed e-con e-parent\" data-id=\"a35df30\" data-element_type=\"container\">\n\t\t\t\t\t<div class=\"e-con-inner\">\n\t\t\t\t<div class=\"elementor-element elementor-element-bb79bff elementor-widget__width-initial elementor-widget elementor-widget-image\" data-id=\"bb79bff\" data-element_type=\"widget\" data-widget_type=\"image.default\">\n\t\t\t\t<div class=\"elementor-widget-container\">\n\t\t\t\t\t\t\t\t\t\t\t\t\t\t\t<img decoding=\"async\" width=\"1620\" height=\"1080\" src=\"https:\/\/easyfairsassets.com\/sites\/172\/2025\/05\/Schaffer-14e-Compacte-Wiellader-Chargeur-compact-1.jpg\" class=\"attachment-full size-full wp-image-42055\" alt=\"\" srcset=\"https:\/\/easyfairsassets.com\/sites\/172\/2025\/05\/Schaffer-14e-Compacte-Wiellader-Chargeur-compact-1.jpg 1620w, https:\/\/easyfairsassets.com\/sites\/172\/2025\/05\/Schaffer-14e-Compacte-Wiellader-Chargeur-compact-1-300x200.jpg 300w, https:\/\/easyfairsassets.com\/sites\/172\/2025\/05\/Schaffer-14e-Compacte-Wiellader-Chargeur-compact-1-1024x683.jpg 1024w, https:\/\/easyfairsassets.com\/sites\/172\/2025\/05\/Schaffer-14e-Compacte-Wiellader-Chargeur-compact-1-768x512.jpg 768w, https:\/\/easyfairsassets.com\/sites\/172\/2025\/05\/Schaffer-14e-Compacte-Wiellader-Chargeur-compact-1-1536x1024.jpg 1536w\" sizes=\"(max-width: 1620px) 100vw, 1620px\" \/>\t\t\t\t\t\t\t\t\t\t\t\t\t\t\t<\/div>\n\t\t\t\t<\/div>\n\t\t\t\t<div class=\"elementor-element elementor-element-8cb2672 elementor-widget elementor-widget-image\" data-id=\"8cb2672\" data-element_type=\"widget\" data-widget_type=\"image.default\">\n\t\t\t\t<div class=\"elementor-widget-container\">\n\t\t\t\t\t\t\t\t\t\t\t\t\t\t\t<img decoding=\"async\" width=\"1024\" height=\"683\" src=\"https:\/\/easyfairsassets.com\/sites\/172\/2025\/05\/Schaffer-14e-Compacte-Wiellader-Chargeur-compact-11.jpg\" class=\"attachment-full size-full wp-image-42045\" alt=\"\" srcset=\"https:\/\/easyfairsassets.com\/sites\/172\/2025\/05\/Schaffer-14e-Compacte-Wiellader-Chargeur-compact-11.jpg 1024w, https:\/\/easyfairsassets.com\/sites\/172\/2025\/05\/Schaffer-14e-Compacte-Wiellader-Chargeur-compact-11-300x200.jpg 300w, https:\/\/easyfairsassets.com\/sites\/172\/2025\/05\/Schaffer-14e-Compacte-Wiellader-Chargeur-compact-11-768x512.jpg 768w\" sizes=\"(max-width: 1024px) 100vw, 1024px\" \/>\t\t\t\t\t\t\t\t\t\t\t\t\t\t\t<\/div>\n\t\t\t\t<\/div>\n\t\t\t\t\t<\/div>\n\t\t\t\t<\/div>\n\t\t\t\t<div class=\"elementor-element elementor-element-885bec9 elementor-widget elementor-widget-text-editor\" data-id=\"885bec9\" data-element_type=\"widget\" data-widget_type=\"text-editor.default\">\n\t\t\t\t<div class=\"elementor-widget-container\">\n\t\t\t\t\t\t\t\t\t<p><strong>Petit mais puissant<\/strong><\/p>\n<p>Malgr\u00e9 sa taille compacte, le Sch\u00e4ffer 14e offre de solides performances : une capacit\u00e9 de levage de 810 kg et une hauteur de levage de 2,23 m\u00e8tres. Il est \u00e9galement compatible avec une large gamme d&rsquo;accessoires, ce qui le rend multifonctionnel pour l&rsquo;am\u00e9nagement paysager, les travaux d&rsquo;entretien ou la d\u00e9molition \u00e0 petite \u00e9chelle.<\/p>\n<p><strong>Une r\u00e9volution tranquille dans l&rsquo;industrie<\/strong><\/p>\n<p>Avec ce nouveau mod\u00e8le, Sch\u00e4ffer fait un pas de plus vers un avenir sans \u00e9missions. Aux c\u00f4t\u00e9s des 24e et 24e T (avec bras t\u00e9lescopique) lanc\u00e9s pr\u00e9c\u00e9demment, le 14e repr\u00e9sente une alternative compacte qui allie durabilit\u00e9 et maniabilit\u00e9.<\/p>\n<p>Le passage aux machines \u00e9lectriques n&rsquo;est plus un avenir lointain &#8211; il est en plein essor. Et ceux qui investissent aujourd&rsquo;hui dans les technologies propres en tireront des avantages non seulement \u00e9cologiques, mais aussi \u00e9conomiques.<\/p>\n<p>Vous voulez d\u00e9couvrir par vous-m\u00eame comment les machines \u00e9lectriques compactes contribuent \u00e0 des lieux de travail respectueux de l&rsquo;environnement ?<\/p>\n<p>Visitez le <a href=\"https:\/\/eur02.safelinks.protection.outlook.com\/?url=http%3A%2F%2Fwww.schaffer.be%2F&amp;data=05%7C02%7CBianca.Peeters%40easyfairs.com%7C8fe1dba1a5d443cd8c8708dd938f520b%7Cad58c17f1c944fb0bb6a606501347f25%7C1%7C0%7C638828966010883303%7CUnknown%7CTWFpbGZsb3d8eyJFbXB0eU1hcGkiOnRydWUsIlYiOiIwLjAuMDAwMCIsIlAiOiJXaW4zMiIsIkFOIjoiTWFpbCIsIldUIjoyfQ%3D%3D%7C0%7C%7C%7C&amp;sdata=WisKwBAKtSixzIP05a0MIek2EK%2F0T2K4dHvFpU0vEs4%3D&amp;reserved=0\">site www.schaffer.be<\/a> et laissez-vous inspirer par l&rsquo;avenir du travail sans \u00e9missions.<\/p>\n\t\t\t\t\t\t\t\t<\/div>\n\t\t\t\t<\/div>\n\t\t<div class=\"elementor-element elementor-element-2a2ee3b e-flex e-con-boxed e-con e-parent\" data-id=\"2a2ee3b\" data-element_type=\"container\">\n\t\t\t\t\t<div class=\"e-con-inner\">\n\t\t\t\t<div class=\"elementor-element elementor-element-e2579f6 elementor-widget elementor-widget-image\" data-id=\"e2579f6\" data-element_type=\"widget\" data-widget_type=\"image.default\">\n\t\t\t\t<div class=\"elementor-widget-container\">\n\t\t\t\t\t\t\t\t\t\t\t\t\t\t\t<img loading=\"lazy\" decoding=\"async\" width=\"1920\" height=\"768\" src=\"https:\/\/easyfairsassets.com\/sites\/172\/2024\/08\/slider_rasenpflege_sommer_lawncare_summer_2400x960.png\" class=\"attachment-full size-full wp-image-35607\" alt=\"\" srcset=\"https:\/\/easyfairsassets.com\/sites\/172\/2024\/08\/slider_rasenpflege_sommer_lawncare_summer_2400x960.png 1920w, https:\/\/easyfairsassets.com\/sites\/172\/2024\/08\/slider_rasenpflege_sommer_lawncare_summer_2400x960-300x120.png 300w, https:\/\/easyfairsassets.com\/sites\/172\/2024\/08\/slider_rasenpflege_sommer_lawncare_summer_2400x960-1024x410.png 1024w, https:\/\/easyfairsassets.com\/sites\/172\/2024\/08\/slider_rasenpflege_sommer_lawncare_summer_2400x960-768x307.png 768w, https:\/\/easyfairsassets.com\/sites\/172\/2024\/08\/slider_rasenpflege_sommer_lawncare_summer_2400x960-1536x614.png 1536w\" sizes=\"(max-width: 1920px) 100vw, 1920px\" \/>\t\t\t\t\t\t\t\t\t\t\t\t\t\t\t<\/div>\n\t\t\t\t<\/div>\n\t\t\t\t\t<\/div>\n\t\t\t\t<\/div>\n\t\t\t\t\t<\/div>\n\t\t<\/div>\n\t\t\t\t\t<\/div>\n\t\t<\/section>\n\t\t\t\t<\/div>\n\t\t","protected":false},"excerpt":{"rendered":"<p>Compacte et sans \u00e9missions : la force silencieuse de l&rsquo;avenir Dans la recherche de solutions durables pour le travail dans les espaces publics, l&rsquo;am\u00e9nagement paysager et les environnements urbains, l&rsquo;\u00e9lectrification des machines joue un r\u00f4le de plus en plus important. Le bruit et les \u00e9missions sont de moins en moins acceptables, en particulier dans les [&hellip;]<\/p>\n","protected":false},"author":1351,"featured_media":42051,"comment_status":"open","ping_status":"open","sticky":false,"template":"","format":"standard","meta":{"_seopress_robots_primary_cat":"321","_seopress_titles_title":"","_seopress_titles_desc":"","_seopress_robots_index":"","footnotes":""},"categories":[447],"tags":[],"edition":[],"class_list":["post-42088","post","type-post","status-publish","format-standard","has-post-thumbnail","hentry","category-exposanten-flash-fr"],"_links":{"self":[{"href":"https:\/\/www.green-expo.be\/fr\/wp-json\/wp\/v2\/posts\/42088","targetHints":{"allow":["GET"]}}],"collection":[{"href":"https:\/\/www.green-expo.be\/fr\/wp-json\/wp\/v2\/posts"}],"about":[{"href":"https:\/\/www.green-expo.be\/fr\/wp-json\/wp\/v2\/types\/post"}],"author":[{"embeddable":true,"href":"https:\/\/www.green-expo.be\/fr\/wp-json\/wp\/v2\/users\/1351"}],"replies":[{"embeddable":true,"href":"https:\/\/www.green-expo.be\/fr\/wp-json\/wp\/v2\/comments?post=42088"}],"version-history":[{"count":1,"href":"https:\/\/www.green-expo.be\/fr\/wp-json\/wp\/v2\/posts\/42088\/revisions"}],"predecessor-version":[{"id":42089,"href":"https:\/\/www.green-expo.be\/fr\/wp-json\/wp\/v2\/posts\/42088\/revisions\/42089"}],"wp:featuredmedia":[{"embeddable":true,"href":"https:\/\/www.green-expo.be\/fr\/wp-json\/wp\/v2\/media\/42051"}],"wp:attachment":[{"href":"https:\/\/www.green-expo.be\/fr\/wp-json\/wp\/v2\/media?parent=42088"}],"wp:term":[{"taxonomy":"category","embeddable":true,"href":"https:\/\/www.green-expo.be\/fr\/wp-json\/wp\/v2\/categories?post=42088"},{"taxonomy":"post_tag","embeddable":true,"href":"https:\/\/www.green-expo.be\/fr\/wp-json\/wp\/v2\/tags?post=42088"},{"taxonomy":"edition","embeddable":true,"href":"https:\/\/www.green-expo.be\/fr\/wp-json\/wp\/v2\/edition?post=42088"}],"curies":[{"name":"wp","href":"https:\/\/api.w.org\/{rel}","templated":true}]}}