{"id":42090,"date":"2025-06-16T10:59:08","date_gmt":"2025-06-16T08:59:08","guid":{"rendered":"https:\/\/www.green-expo.be\/?p=42090"},"modified":"2025-06-16T10:59:12","modified_gmt":"2025-06-16T08:59:12","slug":"lavenir-de-la-pierre-naturelle-belge-une-beaute-locale-avec-une-valeur-ajoutee-durable","status":"publish","type":"post","link":"https:\/\/www.green-expo.be\/fr\/lavenir-de-la-pierre-naturelle-belge-une-beaute-locale-avec-une-valeur-ajoutee-durable\/","title":{"rendered":"L&rsquo;avenir de la pierre naturelle belge &#8211; Une beaut\u00e9 locale avec une valeur ajout\u00e9e durable"},"content":{"rendered":"\t\t<div data-elementor-type=\"wp-post\" data-elementor-id=\"42090\" class=\"elementor elementor-42090 elementor-42059\" data-elementor-post-type=\"post\">\n\t\t\t\t\t\t<section class=\"elementor-section elementor-top-section elementor-element elementor-element-69f434f elementor-section-boxed elementor-section-height-default elementor-section-height-default\" data-id=\"69f434f\" data-element_type=\"section\">\n\t\t\t\t\t\t<div class=\"elementor-container elementor-column-gap-default\">\n\t\t\t\t\t<div class=\"elementor-column elementor-col-100 elementor-top-column elementor-element elementor-element-be29a16\" data-id=\"be29a16\" data-element_type=\"column\">\n\t\t\t<div class=\"elementor-widget-wrap elementor-element-populated\">\n\t\t\t\t\t\t<div class=\"elementor-element elementor-element-ba6a94d elementor-widget elementor-widget-text-editor\" data-id=\"ba6a94d\" data-element_type=\"widget\" data-widget_type=\"text-editor.default\">\n\t\t\t\t<div class=\"elementor-widget-container\">\n\t\t\t\t\t\t\t\t\t<p><strong>L&rsquo;avenir de la pierre naturelle belge &#8211; Une beaut\u00e9 locale avec une valeur ajout\u00e9e durable<\/strong><\/p>\n<p>Dans un monde o\u00f9 la durabilit\u00e9, l&rsquo;artisanat local et l&rsquo;\u00e9conomie circulaire gagnent en importance, la pierre naturelle gagne \u00e9galement une place renouvel\u00e9e dans l&rsquo;histoire de l&rsquo;architecture, des espaces publics et des projets de construction. Chez Nijst Natuursteen, nous croyons fermement en l&rsquo;avenir de la pierre naturelle belge. Non seulement en tant que mat\u00e9riau esth\u00e9tique, mais aussi en tant qu&rsquo;\u00e9l\u00e9ment de construction durable pour les g\u00e9n\u00e9rations \u00e0 venir.<\/p>\n<p><strong>Du bloc brut au produit fini de caract\u00e8re<\/strong><\/p>\n<p>Ces derni\u00e8res ann\u00e9es, Nijst Natuursteen a consciemment opt\u00e9 pour un changement de cap fondamental : passer du statut de n\u00e9gociant international \u00e0 celui de producteur local de pierres naturelles. Ce changement de cap n&rsquo;est pas le fruit du hasard. Le sol belge regorge de tr\u00e9sors cach\u00e9s &#8211; pensez \u00e0 des esp\u00e8ces telles que la pierre bleue belge (bluestone), le porphyre et le gr\u00e8s &#8211; des mat\u00e9riaux \u00e0 l&rsquo;histoire riche et \u00e0 l&rsquo;actualit\u00e9 br\u00fblante.<\/p>\n<p>En nous recentrant sur les types de pierres belges, nous pouvons prendre le contr\u00f4le de l&rsquo;ensemble du processus de production : de la s\u00e9lection des blocs bruts au produit final finement fini. Cela nous permet d&rsquo;\u00eatre plus r\u00e9actifs, de suivre de pr\u00e8s la qualit\u00e9 et de r\u00e9pondre aux souhaits cr\u00e9atifs des architectes, des designers et des pouvoirs publics.<\/p>\n\t\t\t\t\t\t\t\t<\/div>\n\t\t\t\t<\/div>\n\t\t\t\t<div class=\"elementor-element elementor-element-995ea33 elementor-widget elementor-widget-image\" data-id=\"995ea33\" data-element_type=\"widget\" data-widget_type=\"image.default\">\n\t\t\t\t<div class=\"elementor-widget-container\">\n\t\t\t\t\t\t\t\t\t\t\t\t\t\t\t<img fetchpriority=\"high\" decoding=\"async\" width=\"1920\" height=\"1538\" src=\"https:\/\/easyfairsassets.com\/sites\/172\/2024\/08\/Demotuin.png\" class=\"attachment-full size-full wp-image-42066\" alt=\"\" srcset=\"https:\/\/easyfairsassets.com\/sites\/172\/2024\/08\/Demotuin.png 1920w, https:\/\/easyfairsassets.com\/sites\/172\/2024\/08\/Demotuin-300x240.png 300w, https:\/\/easyfairsassets.com\/sites\/172\/2024\/08\/Demotuin-1024x820.png 1024w, https:\/\/easyfairsassets.com\/sites\/172\/2024\/08\/Demotuin-768x615.png 768w, https:\/\/easyfairsassets.com\/sites\/172\/2024\/08\/Demotuin-1536x1230.png 1536w\" sizes=\"(max-width: 1920px) 100vw, 1920px\" \/>\t\t\t\t\t\t\t\t\t\t\t\t\t\t\t<\/div>\n\t\t\t\t<\/div>\n\t\t\t\t<div class=\"elementor-element elementor-element-43d1e3b elementor-widget elementor-widget-text-editor\" data-id=\"43d1e3b\" data-element_type=\"widget\" data-widget_type=\"text-editor.default\">\n\t\t\t\t<div class=\"elementor-widget-container\">\n\t\t\t\t\t\t\t\t\t<p><strong>La pierre naturelle locale : plus que belle<\/strong><\/p>\n<p>La pierre naturelle est intemporelle, nous le savons. Mais la pierre naturelle belge est aussi extr\u00eamement fonctionnelle et durable. Elle est :<\/p>\n<ul>\n<li>\u00c9cologique : son empreinte carbone est nettement inf\u00e9rieure \u00e0 celle des pierres import\u00e9es d&rsquo;Asie ou d&rsquo;Am\u00e9rique du Sud.<\/li>\n<li>Circulaire : la pierre naturelle dure des d\u00e9cennies et est parfaitement r\u00e9utilisable dans de nouvelles applications.<\/li>\n<li>Authentique : chaque type de pierre raconte sa propre histoire, fa\u00e7onn\u00e9e par des milliers d&rsquo;ann\u00e9es de g\u00e9ologie.<\/li>\n<li>Techniquement fiable : adapt\u00e9 \u00e0 une utilisation intensive dans les espaces publics, pour le rev\u00eatement, le pavage ou la personnalisation.<\/li>\n<\/ul>\n<p><strong><br \/>\nLa technologie au service de la tradition<\/strong><\/p>\n<p>Notre passion pour la pierre s&rsquo;appuie sur des machines de pointe, ce qui nous permet de combiner pr\u00e9cision et personnalisation avec le savoir-faire artisanal. En concertation avec le client, nous traduisons les id\u00e9es en un plan concret qui tient compte des exigences techniques, de l&rsquo;esth\u00e9tique et de la durabilit\u00e9.<\/p>\n<p>Qu&rsquo;il s&rsquo;agisse d&rsquo;un \u00e9l\u00e9gant banc ou d&rsquo;un bac \u00e0 fleurs pour une place de la ville ou d&rsquo;un rev\u00eatement complexe pour un b\u00e2timent gouvernemental, nous cr\u00e9ons, \u00e0 partir de la pierre naturelle belge, des solutions uniques pour les espaces publics et les projets priv\u00e9s.<\/p>\n\t\t\t\t\t\t\t\t<\/div>\n\t\t\t\t<\/div>\n\t\t<div class=\"elementor-element elementor-element-d1a045a e-flex e-con-boxed e-con e-parent\" data-id=\"d1a045a\" data-element_type=\"container\">\n\t\t\t\t\t<div class=\"e-con-inner\">\n\t\t\t\t<div class=\"elementor-element elementor-element-3d96c8e elementor-widget__width-initial elementor-widget elementor-widget-image\" data-id=\"3d96c8e\" data-element_type=\"widget\" data-widget_type=\"image.default\">\n\t\t\t\t<div class=\"elementor-widget-container\">\n\t\t\t\t\t\t\t\t\t\t\t\t\t\t\t<img decoding=\"async\" width=\"1440\" height=\"1920\" src=\"https:\/\/easyfairsassets.com\/sites\/172\/2024\/08\/Afbeelding1.jpg\" class=\"attachment-full size-full wp-image-42072\" alt=\"\" srcset=\"https:\/\/easyfairsassets.com\/sites\/172\/2024\/08\/Afbeelding1.jpg 1440w, https:\/\/easyfairsassets.com\/sites\/172\/2024\/08\/Afbeelding1-225x300.jpg 225w, https:\/\/easyfairsassets.com\/sites\/172\/2024\/08\/Afbeelding1-768x1024.jpg 768w, https:\/\/easyfairsassets.com\/sites\/172\/2024\/08\/Afbeelding1-1152x1536.jpg 1152w\" sizes=\"(max-width: 1440px) 100vw, 1440px\" \/>\t\t\t\t\t\t\t\t\t\t\t\t\t\t\t<\/div>\n\t\t\t\t<\/div>\n\t\t\t\t<div class=\"elementor-element elementor-element-a17d3a9 elementor-widget elementor-widget-image\" data-id=\"a17d3a9\" data-element_type=\"widget\" data-widget_type=\"image.default\">\n\t\t\t\t<div class=\"elementor-widget-container\">\n\t\t\t\t\t\t\t\t\t\t\t\t\t\t\t<img decoding=\"async\" width=\"1920\" height=\"1440\" src=\"https:\/\/easyfairsassets.com\/sites\/172\/2024\/08\/Afbeelding2.jpg\" class=\"attachment-full size-full wp-image-42070\" alt=\"\" srcset=\"https:\/\/easyfairsassets.com\/sites\/172\/2024\/08\/Afbeelding2.jpg 1920w, https:\/\/easyfairsassets.com\/sites\/172\/2024\/08\/Afbeelding2-300x225.jpg 300w, https:\/\/easyfairsassets.com\/sites\/172\/2024\/08\/Afbeelding2-1024x768.jpg 1024w, https:\/\/easyfairsassets.com\/sites\/172\/2024\/08\/Afbeelding2-768x576.jpg 768w, https:\/\/easyfairsassets.com\/sites\/172\/2024\/08\/Afbeelding2-1536x1152.jpg 1536w\" sizes=\"(max-width: 1920px) 100vw, 1920px\" \/>\t\t\t\t\t\t\t\t\t\t\t\t\t\t\t<\/div>\n\t\t\t\t<\/div>\n\t\t\t\t\t<\/div>\n\t\t\t\t<\/div>\n\t\t\t\t<div class=\"elementor-element elementor-element-29779bc elementor-widget elementor-widget-text-editor\" data-id=\"29779bc\" data-element_type=\"widget\" data-widget_type=\"text-editor.default\">\n\t\t\t\t<div class=\"elementor-widget-container\">\n\t\t\t\t\t\t\t\t\t<strong>La pierre naturelle belge, un nouveau march\u00e9 ?<\/strong>\r\n\r\nAujourd&rsquo;hui, on constate \u00e0 nouveau un int\u00e9r\u00eat croissant pour les mat\u00e9riaux issus de carri\u00e8res locales. Nous le constatons dans la demande, mais aussi dans la cr\u00e9ativit\u00e9 des designers qui red\u00e9couvrent les qualit\u00e9s de la pierre naturelle belge.\r\n\r\n<strong>Pr\u00eat pour votre projet ?<\/strong>\r\n\r\nL&rsquo;avenir de la pierre naturelle belge ne r\u00e9side pas seulement dans le sous-sol, mais dans les choix que nous faisons aujourd&rsquo;hui. En choisissant des mat\u00e9riaux locaux, circulaires et de haute qualit\u00e9, nous construisons un environnement de vie durable, au sens propre comme au sens figur\u00e9.\r\n\r\n<strong>Nijst Natuursteen &#8211; Pierre belge, trait\u00e9e de mani\u00e8re durable.<\/strong>\r\n\r\n<em>Dirk Slechten, Nijst Natuursteen\r\n<\/em>Vous voulez en savoir plus sur les possibilit\u00e9s pour votre projet ? Contactez-nous sans engagement.\r\n<a href=\"https:\/\/nijst-natuursteen.be\/nl\/\">https:\/\/nijst-natuursteen.be\/nl\/<\/a>\t\t\t\t\t\t\t\t<\/div>\n\t\t\t\t<\/div>\n\t\t<div class=\"elementor-element elementor-element-88ba52d e-flex e-con-boxed e-con e-parent\" data-id=\"88ba52d\" data-element_type=\"container\">\n\t\t\t\t\t<div class=\"e-con-inner\">\n\t\t\t\t<div class=\"elementor-element elementor-element-bb5584e elementor-widget elementor-widget-image\" data-id=\"bb5584e\" data-element_type=\"widget\" data-widget_type=\"image.default\">\n\t\t\t\t<div class=\"elementor-widget-container\">\n\t\t\t\t\t\t\t\t\t\t\t\t\t\t\t<img loading=\"lazy\" decoding=\"async\" width=\"1920\" height=\"1440\" src=\"https:\/\/easyfairsassets.com\/sites\/172\/2024\/08\/Afbeelding3.jpg\" class=\"attachment-full size-full wp-image-42068\" alt=\"\" srcset=\"https:\/\/easyfairsassets.com\/sites\/172\/2024\/08\/Afbeelding3.jpg 1920w, https:\/\/easyfairsassets.com\/sites\/172\/2024\/08\/Afbeelding3-300x225.jpg 300w, https:\/\/easyfairsassets.com\/sites\/172\/2024\/08\/Afbeelding3-1024x768.jpg 1024w, https:\/\/easyfairsassets.com\/sites\/172\/2024\/08\/Afbeelding3-768x576.jpg 768w, https:\/\/easyfairsassets.com\/sites\/172\/2024\/08\/Afbeelding3-1536x1152.jpg 1536w\" sizes=\"(max-width: 1920px) 100vw, 1920px\" \/>\t\t\t\t\t\t\t\t\t\t\t\t\t\t\t<\/div>\n\t\t\t\t<\/div>\n\t\t\t\t\t<\/div>\n\t\t\t\t<\/div>\n\t\t\t\t\t<\/div>\n\t\t<\/div>\n\t\t\t\t\t<\/div>\n\t\t<\/section>\n\t\t\t\t<\/div>\n\t\t","protected":false},"excerpt":{"rendered":"<p>L&rsquo;avenir de la pierre naturelle belge &#8211; Une beaut\u00e9 locale avec une valeur ajout\u00e9e durable Dans un monde o\u00f9 la durabilit\u00e9, l&rsquo;artisanat local et l&rsquo;\u00e9conomie circulaire gagnent en importance, la pierre naturelle gagne \u00e9galement une place renouvel\u00e9e dans l&rsquo;histoire de l&rsquo;architecture, des espaces publics et des projets de construction. Chez Nijst Natuursteen, nous croyons fermement [&hellip;]<\/p>\n","protected":false},"author":1351,"featured_media":42064,"comment_status":"open","ping_status":"open","sticky":false,"template":"","format":"standard","meta":{"_seopress_robots_primary_cat":"none","_seopress_titles_title":"","_seopress_titles_desc":"","_seopress_robots_index":"","footnotes":""},"categories":[447],"tags":[],"edition":[422],"class_list":["post-42090","post","type-post","status-publish","format-standard","has-post-thumbnail","hentry","category-exposanten-flash-fr","edition-green-2026"],"_links":{"self":[{"href":"https:\/\/www.green-expo.be\/fr\/wp-json\/wp\/v2\/posts\/42090","targetHints":{"allow":["GET"]}}],"collection":[{"href":"https:\/\/www.green-expo.be\/fr\/wp-json\/wp\/v2\/posts"}],"about":[{"href":"https:\/\/www.green-expo.be\/fr\/wp-json\/wp\/v2\/types\/post"}],"author":[{"embeddable":true,"href":"https:\/\/www.green-expo.be\/fr\/wp-json\/wp\/v2\/users\/1351"}],"replies":[{"embeddable":true,"href":"https:\/\/www.green-expo.be\/fr\/wp-json\/wp\/v2\/comments?post=42090"}],"version-history":[{"count":3,"href":"https:\/\/www.green-expo.be\/fr\/wp-json\/wp\/v2\/posts\/42090\/revisions"}],"predecessor-version":[{"id":42207,"href":"https:\/\/www.green-expo.be\/fr\/wp-json\/wp\/v2\/posts\/42090\/revisions\/42207"}],"wp:featuredmedia":[{"embeddable":true,"href":"https:\/\/www.green-expo.be\/fr\/wp-json\/wp\/v2\/media\/42064"}],"wp:attachment":[{"href":"https:\/\/www.green-expo.be\/fr\/wp-json\/wp\/v2\/media?parent=42090"}],"wp:term":[{"taxonomy":"category","embeddable":true,"href":"https:\/\/www.green-expo.be\/fr\/wp-json\/wp\/v2\/categories?post=42090"},{"taxonomy":"post_tag","embeddable":true,"href":"https:\/\/www.green-expo.be\/fr\/wp-json\/wp\/v2\/tags?post=42090"},{"taxonomy":"edition","embeddable":true,"href":"https:\/\/www.green-expo.be\/fr\/wp-json\/wp\/v2\/edition?post=42090"}],"curies":[{"name":"wp","href":"https:\/\/api.w.org\/{rel}","templated":true}]}}