{"id":42186,"date":"2025-06-13T09:26:43","date_gmt":"2025-06-13T07:26:43","guid":{"rendered":"https:\/\/www.green-expo.be\/comment-les-jardineries-plantent-les-graines-du-jardin-durable-de-demain\/"},"modified":"2025-06-16T10:41:47","modified_gmt":"2025-06-16T08:41:47","slug":"comment-les-jardineries-plantent-les-graines-du-jardin-durable-de-demain","status":"publish","type":"post","link":"https:\/\/www.green-expo.be\/fr\/comment-les-jardineries-plantent-les-graines-du-jardin-durable-de-demain\/","title":{"rendered":"Comment les jardineries plantent les graines du jardin durable de demain"},"content":{"rendered":"\t\t<div data-elementor-type=\"wp-post\" data-elementor-id=\"42186\" class=\"elementor elementor-42186 elementor-42148\" data-elementor-post-type=\"post\">\n\t\t\t\t\t\t<section class=\"elementor-section elementor-top-section elementor-element elementor-element-bac4502 elementor-section-boxed elementor-section-height-default elementor-section-height-default\" data-id=\"bac4502\" data-element_type=\"section\">\n\t\t\t\t\t\t<div class=\"elementor-container elementor-column-gap-default\">\n\t\t\t\t\t<div class=\"elementor-column elementor-col-100 elementor-top-column elementor-element elementor-element-fe76a1a\" data-id=\"fe76a1a\" data-element_type=\"column\">\n\t\t\t<div class=\"elementor-widget-wrap elementor-element-populated\">\n\t\t\t\t\t\t<div class=\"elementor-element elementor-element-51a9742 elementor-widget elementor-widget-text-editor\" data-id=\"51a9742\" data-element_type=\"widget\" data-widget_type=\"text-editor.default\">\n\t\t\t\t<div class=\"elementor-widget-container\">\n\t\t\t\t\t\t\t\t\t<p><strong>Les jardineries belges innovent \u00e0 grande vitesse, mais ces innovations atteignent encore trop peu le consommateur. Comment peuvent-elles mieux guider ce dernier vers un espace ext\u00e9rieur plus durable \u2013 et qu\u2019est-ce qui ne fonctionne pas<br \/>\naujourd\u2019hui ?<\/strong><\/p>\n<p>Le jardin belge est en pleine mutation. Ce n\u2019est pas uniquement le climat ou l\u2019\u00e9volution du mode de vie qui font bouger les choses dans nos jardins. De plus en plus de gens cherchent des moyens d\u2019am\u00e9nager leur espace ext\u00e9rieur de mani\u00e8re plus durable. Mais ce n\u2019est pas toujours \u00e9vident. <strong>Chris Van Wesemael, directeur de l\u2019Association belge des Jardineries (BTV)<\/strong>, en est bien conscient : \u00ab Il y a encore beaucoup de travail, au sens propre comme au figur\u00e9. \u00bb<\/p>\n\t\t\t\t\t\t\t\t<\/div>\n\t\t\t\t<\/div>\n\t\t\t\t<div class=\"elementor-element elementor-element-7d7cafa elementor-widget elementor-widget-text-editor\" data-id=\"7d7cafa\" data-element_type=\"widget\" data-widget_type=\"text-editor.default\">\n\t\t\t\t<div class=\"elementor-widget-container\">\n\t\t\t\t\t\t\t\t\t<p><strong>Le mythe du jardin belge<\/strong><\/p>\n<p>\u00ab Tout d\u2019abord : le jardin belge n\u2019existe pas \u00bb, affirme Van Wesemael. \u00ab Il y a de grandes diff\u00e9rences entre la Flandre et la Wallonie, tant dans l\u2019approche que dans l\u2019attitude. \u00bb En Flandre, la durabilit\u00e9 fait souvent partie des d\u00e9bats, tandis qu\u2019en Wallonie, on passe plus concr\u00e8tement \u00e0 l\u2019action. Un contraste culturel li\u00e9 au degr\u00e9 d\u2019urbanisation, \u00e0 la superficie des terrains et aux habitudes.<\/p>\n<p>De plus, la notion de durabilit\u00e9 n\u2019est pas toujours claire pour le consommateur. \u00ab Cela d\u00e9passe largement le simple fait d\u2019\u00e9viter les pesticides \u00bb, explique Van Wesemael. \u00ab Il s\u2019agit aussi de r\u00e9cup\u00e9rer l\u2019eau de pluie ou les eaux us\u00e9es, de choisir des plantes locales ou peu gourmandes en eau. Mais ce niveau de conscience est encore trop faible chez beaucoup de clients. \u00bb<\/p>\n\t\t\t\t\t\t\t\t<\/div>\n\t\t\t\t<\/div>\n\t\t\t\t<div class=\"elementor-element elementor-element-41ad550 elementor-widget elementor-widget-image\" data-id=\"41ad550\" data-element_type=\"widget\" data-widget_type=\"image.default\">\n\t\t\t\t<div class=\"elementor-widget-container\">\n\t\t\t\t\t\t\t\t\t\t\t\t\t\t\t<img fetchpriority=\"high\" decoding=\"async\" width=\"800\" height=\"450\" src=\"https:\/\/easyfairsassets.com\/sites\/172\/2025\/06\/Lissens-80-1024x576.jpg\" class=\"attachment-large size-large wp-image-42167\" alt=\"\" srcset=\"https:\/\/easyfairsassets.com\/sites\/172\/2025\/06\/Lissens-80-1024x576.jpg 1024w, https:\/\/easyfairsassets.com\/sites\/172\/2025\/06\/Lissens-80-300x169.jpg 300w, https:\/\/easyfairsassets.com\/sites\/172\/2025\/06\/Lissens-80-768x432.jpg 768w, https:\/\/easyfairsassets.com\/sites\/172\/2025\/06\/Lissens-80-1536x864.jpg 1536w, https:\/\/easyfairsassets.com\/sites\/172\/2025\/06\/Lissens-80.jpg 1920w\" sizes=\"(max-width: 800px) 100vw, 800px\" \/>\t\t\t\t\t\t\t\t\t\t\t\t\t\t\t<\/div>\n\t\t\t\t<\/div>\n\t\t\t\t<div class=\"elementor-element elementor-element-7a67aca elementor-widget elementor-widget-text-editor\" data-id=\"7a67aca\" data-element_type=\"widget\" data-widget_type=\"text-editor.default\">\n\t\t\t\t<div class=\"elementor-widget-container\">\n\t\t\t\t\t\t\t\t\t<p><strong>Les jardineries comme maillon manquant<\/strong><\/p>\n<p>Selon une \u00e9tude r\u00e9cente, \u00e0 peine 13 % des gens savent spontan\u00e9ment ce qu\u2019est un jardin durable. M\u00eame apr\u00e8s explication, la notion reste floue pour certains : \u00ab Certains consid\u00e8rent encore l\u2019eau de Javel comme un produit \u00e9cologique pour d\u00e9sherber \u00bb, soupire Van Wesemael. \u00ab Il y a un \u00e9norme d\u00e9ficit de connaissances de base. \u00bb<\/p>\n<p>Les jardineries ont ici un r\u00f4le crucial \u00e0 jouer. \u00ab Elles ont l\u2019expertise, suivent les \u00e9volutions de pr\u00e8s, et sont en contact direct avec le client. \u00c0 elles de jouer ce r\u00f4le. \u00bb Actuellement, seuls 27 % des visiteurs de jardineries estiment recevoir suffisamment d\u2019informations sur la durabilit\u00e9. Pourtant, la majorit\u00e9 vient chercher pr\u00e9cis\u00e9ment cela.<\/p>\n<p>\u00ab Le consommateur n\u2019est pas oppos\u00e9 \u00e0 la durabilit\u00e9 \u00bb, nuance Van Wesemael. \u00ab Au contraire, la plupart sont pr\u00eats \u00e0 payer jusqu\u2019\u00e0 10 % de plus pour des produits durables. Mais ils ne savent pas ce qui est r\u00e9ellement durable, ni par o\u00f9 commencer. \u00bb Que ce soit en ville ou \u00e0 la campagne, avec une grande parcelle ou une petite cour int\u00e9rieure : chaque situation demande un conseil adapt\u00e9. Et c\u2019est ce qui manque souvent.<\/p>\n<p>Le partage de connaissances en ligne est une grande opportunit\u00e9. \u00ab Celui qui visite une jardinerie aujourd\u2019hui a souvent d\u00e9j\u00e0 une id\u00e9e ou une liste en t\u00eate. Si nous pouvons l\u2019informer en ligne en amont, il viendra plus facilement en magasin pour concr\u00e9tiser son projet. \u00bb<\/p>\n\t\t\t\t\t\t\t\t<\/div>\n\t\t\t\t<\/div>\n\t\t\t\t<div class=\"elementor-element elementor-element-8e1bd7a elementor-widget elementor-widget-text-editor\" data-id=\"8e1bd7a\" data-element_type=\"widget\" data-widget_type=\"text-editor.default\">\n\t\t\t\t<div class=\"elementor-widget-container\">\n\t\t\t\t\t\t\t\t\t<p><strong>De magasin \u00e0 centre de connaissances<\/strong><\/p>\n<p>Les jardineries peuvent devenir de v\u00e9ritables lieux de savoir. Aux Pays-Bas, des \u00ab places climatiques \u00bb montrent concr\u00e8tement comment concevoir un jardin durable. En Belgique, certains s\u2019en inspirent d\u00e9j\u00e0, comme le centre de jardinage Claes \u00e0 Edegem.<\/p>\n<p>Mais cela peut aussi \u00eatre plus subtil : \u00ab En int\u00e9grant les alternatives durables dans l\u2019offre g\u00e9n\u00e9rale, on guide le client sans le brusquer \u00bb, explique Van Wesemael. \u00ab Le centre Lissens, par exemple, propose une \u2018route climatique\u2019 qui commence d\u00e8s le parking. \u00bb<\/p>\n<p>Un conseil \u00e0 retenir pour la prochaine Green Expo : \u00ab Misez sur l\u2019exp\u00e9rience tout autant que sur l\u2019information \u00bb, recommande-t-il. \u00ab Tout le monde n\u2019est pas encore convaincu par la durabilit\u00e9, mais un cadre inspirant peut faire germer des id\u00e9es. Rendez-la concr\u00e8te. \u00bb<\/p>\n\t\t\t\t\t\t\t\t<\/div>\n\t\t\t\t<\/div>\n\t\t\t\t<div class=\"elementor-element elementor-element-2505975 elementor-widget elementor-widget-image\" data-id=\"2505975\" data-element_type=\"widget\" data-widget_type=\"image.default\">\n\t\t\t\t<div class=\"elementor-widget-container\">\n\t\t\t\t\t\t\t\t\t\t\t\t\t\t\t<img decoding=\"async\" width=\"576\" height=\"1024\" src=\"https:\/\/easyfairsassets.com\/sites\/172\/2025\/06\/DeMolenWaarm-50-576x1024.jpg\" class=\"attachment-large size-large wp-image-42163\" alt=\"\" srcset=\"https:\/\/easyfairsassets.com\/sites\/172\/2025\/06\/DeMolenWaarm-50-576x1024.jpg 576w, https:\/\/easyfairsassets.com\/sites\/172\/2025\/06\/DeMolenWaarm-50-169x300.jpg 169w, https:\/\/easyfairsassets.com\/sites\/172\/2025\/06\/DeMolenWaarm-50-768x1365.jpg 768w, https:\/\/easyfairsassets.com\/sites\/172\/2025\/06\/DeMolenWaarm-50-864x1536.jpg 864w, https:\/\/easyfairsassets.com\/sites\/172\/2025\/06\/DeMolenWaarm-50.jpg 1080w\" sizes=\"(max-width: 576px) 100vw, 576px\" \/>\t\t\t\t\t\t\t\t\t\t\t\t\t\t\t<\/div>\n\t\t\t\t<\/div>\n\t\t\t\t<div class=\"elementor-element elementor-element-328517d elementor-widget elementor-widget-text-editor\" data-id=\"328517d\" data-element_type=\"widget\" data-widget_type=\"text-editor.default\">\n\t\t\t\t<div class=\"elementor-widget-container\">\n\t\t\t\t\t\t\t\t\t<p><strong>Des obstacles pour les jardineries elles-m\u00eames<\/strong><\/p>\n<p>Malheureusement, les jardineries rencontrent aussi des freins. \u00ab Beaucoup veulent se moderniser \u2013 en installant un meilleur syst\u00e8me de chauffage ou des bornes de recharge impos\u00e9es \u2013 mais \u00e9tant situ\u00e9es en zones agricoles, elles obtiennent difficilement les permis n\u00e9cessaires. La l\u00e9gislation n\u2019est pas \u00e0 la hauteur. \u00bb<\/p>\n<p>Malgr\u00e9 ces difficult\u00e9s, nombre d\u2019entre elles montrent d\u00e9j\u00e0 l\u2019exemple, en informant sur les noues, les citernes ou les choix de plantes intelligentes. Des centres comme De Pauw \u00e0 Bornem ou Genker Plantencentrum prouvent qu\u2019une offre large peut aller de pair avec une expertise pointue.<\/p>\n<p><strong>Green Expo 2026 : le moment d\u2019inspirer<\/strong><\/p>\n<p>Green Expo, organis\u00e9 par Easyfairs, rassemblera professionnels, architectes et passionn\u00e9s de jardinage. C\u2019est le moment id\u00e9al pour acc\u00e9l\u00e9rer ce mouvement. Car le jardin de demain ? Il sera non seulement plus beau et agr\u00e9able, mais surtout plus vert et plus intelligent.<\/p>\n<p><a href=\"https:\/\/tuincentra-vzw.be\/\">https:\/\/tuincentra-vzw.be\/<\/a><\/p>\n\t\t\t\t\t\t\t\t<\/div>\n\t\t\t\t<\/div>\n\t\t\t\t<div class=\"elementor-element elementor-element-72991a8 elementor-skin-carousel elementor-arrows-yes elementor-pagination-type-bullets elementor-pagination-position-outside elementor-widget elementor-widget-media-carousel\" data-id=\"72991a8\" data-element_type=\"widget\" data-settings=\"{&quot;skin&quot;:&quot;carousel&quot;,&quot;effect&quot;:&quot;slide&quot;,&quot;show_arrows&quot;:&quot;yes&quot;,&quot;pagination&quot;:&quot;bullets&quot;,&quot;speed&quot;:500,&quot;autoplay&quot;:&quot;yes&quot;,&quot;autoplay_speed&quot;:5000,&quot;loop&quot;:&quot;yes&quot;,&quot;pause_on_hover&quot;:&quot;yes&quot;,&quot;pause_on_interaction&quot;:&quot;yes&quot;,&quot;space_between&quot;:{&quot;unit&quot;:&quot;px&quot;,&quot;size&quot;:10,&quot;sizes&quot;:[]},&quot;space_between_tablet&quot;:{&quot;unit&quot;:&quot;px&quot;,&quot;size&quot;:10,&quot;sizes&quot;:[]},&quot;space_between_mobile&quot;:{&quot;unit&quot;:&quot;px&quot;,&quot;size&quot;:10,&quot;sizes&quot;:[]}}\" data-widget_type=\"media-carousel.default\">\n\t\t\t\t<div class=\"elementor-widget-container\">\n\t\t\t\t\t\t\t\t\t<div class=\"elementor-swiper\">\n\t\t\t\t\t<div class=\"elementor-main-swiper swiper\" role=\"region\" aria-roledescription=\"carousel\" aria-label=\"Slides\">\n\t\t\t\t<div class=\"swiper-wrapper\">\n\t\t\t\t\t\t\t\t\t\t\t<div class=\"swiper-slide\" role=\"group\" aria-roledescription=\"slide\">\n\t\t\t\t\t\t\t\t\t<div class=\"elementor-carousel-image\" role=\"img\" aria-label=\"Claes (78)\" style=\"background-image: url(&#039;https:\/\/easyfairsassets.com\/sites\/172\/2025\/06\/Claes-78.jpg&#039;)\">\n\n\t\t\t\n\t\t\t\t\t<\/div>\n\t\t\t\t\t\t\t\t<\/div>\n\t\t\t\t\t\t\t\t\t\t\t<div class=\"swiper-slide\" role=\"group\" aria-roledescription=\"slide\">\n\t\t\t\t\t\t\t\t\t<div class=\"elementor-carousel-image\" role=\"img\" aria-label=\"DeMolenWaarm (42)\" style=\"background-image: url(&#039;https:\/\/easyfairsassets.com\/sites\/172\/2025\/06\/DeMolenWaarm-42.jpg&#039;)\">\n\n\t\t\t\n\t\t\t\t\t<\/div>\n\t\t\t\t\t\t\t\t<\/div>\n\t\t\t\t\t\t\t\t\t\t\t<div class=\"swiper-slide\" role=\"group\" aria-roledescription=\"slide\">\n\t\t\t\t\t\t\t\t\t<div class=\"elementor-carousel-image\" role=\"img\" aria-label=\"Lissens (1)\" style=\"background-image: url(&#039;https:\/\/easyfairsassets.com\/sites\/172\/2025\/06\/Lissens-1.jpg&#039;)\">\n\n\t\t\t\n\t\t\t\t\t<\/div>\n\t\t\t\t\t\t\t\t<\/div>\n\t\t\t\t\t\t\t\t\t\t\t<div class=\"swiper-slide\" role=\"group\" aria-roledescription=\"slide\">\n\t\t\t\t\t\t\t\t\t<div class=\"elementor-carousel-image\" role=\"img\" aria-label=\"Claes (82)\" style=\"background-image: url(&#039;https:\/\/easyfairsassets.com\/sites\/172\/2025\/06\/Claes-82.jpg&#039;)\">\n\n\t\t\t\n\t\t\t\t\t<\/div>\n\t\t\t\t\t\t\t\t<\/div>\n\t\t\t\t\t\t\t\t\t\t\t<div class=\"swiper-slide\" role=\"group\" aria-roledescription=\"slide\">\n\t\t\t\t\t\t\t\t\t<div class=\"elementor-carousel-image\" role=\"img\" aria-label=\"Lissens (81)\" style=\"background-image: url(&#039;https:\/\/easyfairsassets.com\/sites\/172\/2025\/06\/Lissens-81.jpg&#039;)\">\n\n\t\t\t\n\t\t\t\t\t<\/div>\n\t\t\t\t\t\t\t\t<\/div>\n\t\t\t\t\t\t\t\t\t<\/div>\n\t\t\t\t\t\t\t\t\t\t\t\t\t\t\t<div class=\"elementor-swiper-button elementor-swiper-button-prev\" role=\"button\" tabindex=\"0\" aria-label=\"Previous\">\n\t\t\t\t\t\t\t<i aria-hidden=\"true\" class=\"eicon-chevron-left\"><\/i>\t\t\t\t\t\t<\/div>\n\t\t\t\t\t\t<div class=\"elementor-swiper-button elementor-swiper-button-next\" role=\"button\" tabindex=\"0\" aria-label=\"Next\">\n\t\t\t\t\t\t\t<i aria-hidden=\"true\" class=\"eicon-chevron-right\"><\/i>\t\t\t\t\t\t<\/div>\n\t\t\t\t\t\t\t\t\t\t\t\t\t\t\t\t<div class=\"swiper-pagination\"><\/div>\n\t\t\t\t\t\t\t\t\t\t\t\t<\/div>\n\t\t\t\t<\/div>\n\t\t\t\t\t\t\t\t<\/div>\n\t\t\t\t<\/div>\n\t\t\t\t\t<\/div>\n\t\t<\/div>\n\t\t\t\t\t<\/div>\n\t\t<\/section>\n\t\t\t\t<\/div>\n\t\t","protected":false},"excerpt":{"rendered":"<p>Les jardineries belges innovent \u00e0 grande vitesse, mais ces innovations atteignent encore trop peu le consommateur. Comment peuvent-elles mieux guider ce dernier vers un espace ext\u00e9rieur plus durable \u2013 et qu\u2019est-ce qui ne fonctionne pas aujourd\u2019hui ? Le jardin belge est en pleine mutation. Ce n\u2019est pas uniquement le climat ou l\u2019\u00e9volution du mode de [&hellip;]<\/p>\n","protected":false},"author":1351,"featured_media":42155,"comment_status":"open","ping_status":"open","sticky":false,"template":"","format":"standard","meta":{"_seopress_robots_primary_cat":"none","_seopress_titles_title":"","_seopress_titles_desc":"","_seopress_robots_index":"","footnotes":""},"categories":[447,452],"tags":[],"edition":[422],"class_list":["post-42186","post","type-post","status-publish","format-standard","has-post-thumbnail","hentry","category-exposanten-flash-fr","category-green-nieuws-fr","edition-green-2026"],"_links":{"self":[{"href":"https:\/\/www.green-expo.be\/fr\/wp-json\/wp\/v2\/posts\/42186","targetHints":{"allow":["GET"]}}],"collection":[{"href":"https:\/\/www.green-expo.be\/fr\/wp-json\/wp\/v2\/posts"}],"about":[{"href":"https:\/\/www.green-expo.be\/fr\/wp-json\/wp\/v2\/types\/post"}],"author":[{"embeddable":true,"href":"https:\/\/www.green-expo.be\/fr\/wp-json\/wp\/v2\/users\/1351"}],"replies":[{"embeddable":true,"href":"https:\/\/www.green-expo.be\/fr\/wp-json\/wp\/v2\/comments?post=42186"}],"version-history":[{"count":3,"href":"https:\/\/www.green-expo.be\/fr\/wp-json\/wp\/v2\/posts\/42186\/revisions"}],"predecessor-version":[{"id":42200,"href":"https:\/\/www.green-expo.be\/fr\/wp-json\/wp\/v2\/posts\/42186\/revisions\/42200"}],"wp:featuredmedia":[{"embeddable":true,"href":"https:\/\/www.green-expo.be\/fr\/wp-json\/wp\/v2\/media\/42155"}],"wp:attachment":[{"href":"https:\/\/www.green-expo.be\/fr\/wp-json\/wp\/v2\/media?parent=42186"}],"wp:term":[{"taxonomy":"category","embeddable":true,"href":"https:\/\/www.green-expo.be\/fr\/wp-json\/wp\/v2\/categories?post=42186"},{"taxonomy":"post_tag","embeddable":true,"href":"https:\/\/www.green-expo.be\/fr\/wp-json\/wp\/v2\/tags?post=42186"},{"taxonomy":"edition","embeddable":true,"href":"https:\/\/www.green-expo.be\/fr\/wp-json\/wp\/v2\/edition?post=42186"}],"curies":[{"name":"wp","href":"https:\/\/api.w.org\/{rel}","templated":true}]}}