{"id":43219,"date":"2025-09-29T14:33:58","date_gmt":"2025-09-29T12:33:58","guid":{"rendered":"https:\/\/www.green-expo.be\/?p=43219"},"modified":"2025-09-29T14:33:58","modified_gmt":"2025-09-29T12:33:58","slug":"verdissement-de-la-facade-regulation-de-la-temperature-et-economie-denergie-viaverda","status":"publish","type":"post","link":"https:\/\/www.green-expo.be\/fr\/verdissement-de-la-facade-regulation-de-la-temperature-et-economie-denergie-viaverda\/","title":{"rendered":"Verdissement de la fa\u00e7ade : r\u00e9gulation de la temp\u00e9rature et \u00e9conomie d&rsquo;\u00e9nergie &#8211; Viaverda"},"content":{"rendered":"\t\t<div data-elementor-type=\"wp-post\" data-elementor-id=\"43219\" class=\"elementor elementor-43219 elementor-43012\" data-elementor-post-type=\"post\">\n\t\t\t\t\t\t<section class=\"elementor-section elementor-top-section elementor-element elementor-element-d8b0d75 elementor-section-boxed elementor-section-height-default elementor-section-height-default\" data-id=\"d8b0d75\" data-element_type=\"section\">\n\t\t\t\t\t\t<div class=\"elementor-container elementor-column-gap-default\">\n\t\t\t\t\t<div class=\"elementor-column elementor-col-100 elementor-top-column elementor-element elementor-element-9c1e454\" data-id=\"9c1e454\" data-element_type=\"column\">\n\t\t\t<div class=\"elementor-widget-wrap elementor-element-populated\">\n\t\t\t\t\t\t<div class=\"elementor-element elementor-element-46209c0 elementor-widget elementor-widget-text-editor\" data-id=\"46209c0\" data-element_type=\"widget\" data-widget_type=\"text-editor.default\">\n\t\t\t\t<div class=\"elementor-widget-container\">\n\t\t\t\t\t\t\t\t\t<h4>Des \u00e9tudes flamandes sur les effets (hygro)thermiques de la v\u00e9g\u00e9talisation des fa\u00e7ades r\u00e9unies dans un rapport de synth\u00e8se<\/h4><br>En raison du changement climatique croissant, les vagues de chaleur sont de plus en plus fr\u00e9quentes. Ces p\u00e9riodes de chaleur extr\u00eame entra\u00eenent une surmortalit\u00e9 annuelle de 2 \u00e0 6 % en Belgique. Les villes sont particuli\u00e8rement touch\u00e9es, en partie \u00e0 cause du trafic, des activit\u00e9s industrielles et de la pr\u00e9sence d&rsquo;asphalte et de b\u00e9ton, qui retiennent la chaleur pendant longtemps et la lib\u00e8rent lentement. La faible proportion de v\u00e9g\u00e9tation renforce encore cet effet. L&rsquo;\u00e9cologisation joue donc un r\u00f4le de plus en plus important dans l&rsquo;att\u00e9nuation des temp\u00e9ratures locales. De nombreuses \u00e9tudes ont \u00e9t\u00e9 men\u00e9es dans le monde entier sur l&rsquo;effet hygrothermique des fa\u00e7ades v\u00e9g\u00e9talis\u00e9es. Cet effet hygrothermique montre comment la verdure de fa\u00e7ade r\u00e9agit \u00e0 l&rsquo;humidit\u00e9 (hygro) et \u00e0 la temp\u00e9rature (thermique) et est d\u00e9termin\u00e9 par une combinaison d&rsquo;ombrage, d&rsquo;\u00e9vapotranspiration et d&rsquo;isolation\/ventilation. Des recherches \u00e0 ce sujet ont d\u00e9j\u00e0 \u00e9t\u00e9 men\u00e9es en Flandre. \u00c0 la demande du secteur, les r\u00e9sultats de six \u00e9tudes flamandes ont \u00e9t\u00e9 rassembl\u00e9s dans un rapport de synth\u00e8se.\t\t\t\t\t\t\t\t<\/div>\n\t\t\t\t<\/div>\n\t\t<div class=\"elementor-element elementor-element-a2ba33f e-flex e-con-boxed e-con e-parent\" data-id=\"a2ba33f\" data-element_type=\"container\">\n\t\t\t\t\t<div class=\"e-con-inner\">\n\t\t\t\t<div class=\"elementor-element elementor-element-ab0d6ff elementor-widget elementor-widget-image\" data-id=\"ab0d6ff\" data-element_type=\"widget\" data-widget_type=\"image.default\">\n\t\t\t\t<div class=\"elementor-widget-container\">\n\t\t\t\t\t\t\t\t\t\t\t\t\t\t\t<img fetchpriority=\"high\" decoding=\"async\" width=\"300\" height=\"247\" src=\"https:\/\/easyfairsassets.com\/sites\/172\/2025\/09\/Viaverde-1-300x247.png\" class=\"attachment-medium size-medium wp-image-43017\" alt=\"\" srcset=\"https:\/\/easyfairsassets.com\/sites\/172\/2025\/09\/Viaverde-1-300x247.png 300w, https:\/\/easyfairsassets.com\/sites\/172\/2025\/09\/Viaverde-1-1024x843.png 1024w, https:\/\/easyfairsassets.com\/sites\/172\/2025\/09\/Viaverde-1-768x632.png 768w, https:\/\/easyfairsassets.com\/sites\/172\/2025\/09\/Viaverde-1.png 1344w\" sizes=\"(max-width: 300px) 100vw, 300px\" \/>\t\t\t\t\t\t\t\t\t\t\t\t\t\t\t<\/div>\n\t\t\t\t<\/div>\n\t\t\t\t\t<\/div>\n\t\t\t\t<\/div>\n\t\t\t\t<div class=\"elementor-element elementor-element-cba63af elementor-widget elementor-widget-text-editor\" data-id=\"cba63af\" data-element_type=\"widget\" data-widget_type=\"text-editor.default\">\n\t\t\t\t<div class=\"elementor-widget-container\">\n\t\t\t\t\t\t\t\t\t<em>La v\u00e9g\u00e9talisation de fa\u00e7ade en g\u00e9n\u00e9ral<\/em><br><br>Il existe deux types de v\u00e9g\u00e9talisation de fa\u00e7ade : la v\u00e9g\u00e9talisation en pleine terre, o\u00f9 les plantes sont plac\u00e9es en pleine terre au pied de la fa\u00e7ade (directement sur la fa\u00e7ade ou indirectement par le biais d&rsquo;une aide \u00e0 l&rsquo;escalade pour les plantes grimpantes), et la v\u00e9g\u00e9talisation sur substrat ou syst\u00e8mes de murs vivants (SVM), o\u00f9 les plantes sont accroch\u00e9es directement \u00e0 la fa\u00e7ade. La v\u00e9g\u00e9talisation des fa\u00e7ades pr\u00e9sente de nombreux avantages, tels que la purification de l&rsquo;air, l&rsquo;augmentation de la biodiversit\u00e9, la r\u00e9duction de la pollution sonore et l&rsquo;ajout d&rsquo;une valeur esth\u00e9tique. Le rapport s&rsquo;attarde sur l&rsquo;effet de tampon thermique de la verdure de fa\u00e7ade, qui se traduit par un refroidissement suppl\u00e9mentaire en \u00e9t\u00e9 et un l\u00e9ger r\u00e9chauffement en hiver. Gr\u00e2ce \u00e0 cet effet tampon, la verdure de fa\u00e7ade permet \u00e9galement de r\u00e9aliser des \u00e9conomies d&rsquo;\u00e9nergie. Cet effet est \u00e9galement d\u00e9montr\u00e9 dans le rapport.<br><br><em>La v\u00e9g\u00e9talisation des fa\u00e7ades peut r\u00e9duire l&rsquo;effet d&rsquo;\u00eelot de chaleur urbain<\/em><br><br>L&rsquo;effet d&rsquo;\u00eelot de chaleur urbain (ICU) est le ph\u00e9nom\u00e8ne par lequel la zone urbaine est nettement plus chaude que les zones rurales environnantes. En raison principalement des activit\u00e9s humaines, de la pr\u00e9sence de b\u00e9ton et d&rsquo;asphalte, du manque de v\u00e9g\u00e9tation et de la circulation d&rsquo;air limit\u00e9e par les nombreux b\u00e2timents, cette diff\u00e9rence peut atteindre 10\u00b0C. Une augmentation de 1\u00b0C de la temp\u00e9rature ambiante entra\u00eene une hausse de 2 \u00e0 4% de la consommation d&rsquo;\u00e9lectricit\u00e9. Cet effet, et par cons\u00e9quent la consommation d&rsquo;\u00e9lectricit\u00e9, peut \u00eatre r\u00e9duit par la mise en place de plus de verdure. Cependant, les villes ne disposent que d&rsquo;un espace limit\u00e9. La v\u00e9g\u00e9talisation des fa\u00e7ades est la solution id\u00e9ale dans ce cas.\t\t\t\t\t\t\t\t<\/div>\n\t\t\t\t<\/div>\n\t\t<div class=\"elementor-element elementor-element-2db28c2 e-flex e-con-boxed e-con e-parent\" data-id=\"2db28c2\" data-element_type=\"container\">\n\t\t\t\t\t<div class=\"e-con-inner\">\n\t\t\t\t<div class=\"elementor-element elementor-element-be9d28e elementor-widget elementor-widget-image\" data-id=\"be9d28e\" data-element_type=\"widget\" data-widget_type=\"image.default\">\n\t\t\t\t<div class=\"elementor-widget-container\">\n\t\t\t\t\t\t\t\t\t\t\t\t\t\t\t<img decoding=\"async\" width=\"516\" height=\"290\" src=\"https:\/\/easyfairsassets.com\/sites\/172\/2025\/09\/Viaverde-2.png\" class=\"attachment-large size-large wp-image-43019\" alt=\"\" srcset=\"https:\/\/easyfairsassets.com\/sites\/172\/2025\/09\/Viaverde-2.png 516w, https:\/\/easyfairsassets.com\/sites\/172\/2025\/09\/Viaverde-2-300x169.png 300w\" sizes=\"(max-width: 516px) 100vw, 516px\" \/>\t\t\t\t\t\t\t\t\t\t\t\t\t\t\t<\/div>\n\t\t\t\t<\/div>\n\t\t\t\t\t<\/div>\n\t\t\t\t<\/div>\n\t\t\t\t<div class=\"elementor-element elementor-element-6101e46 elementor-widget elementor-widget-text-editor\" data-id=\"6101e46\" data-element_type=\"widget\" data-widget_type=\"text-editor.default\">\n\t\t\t\t<div class=\"elementor-widget-container\">\n\t\t\t\t\t\t\t\t\t<em>L&rsquo;effet de tampon thermique de la verdure de la fa\u00e7ade est apparu dans toutes les \u00e9tudes<\/em><br><br>Dans le cadre des projets, des simulations de mod\u00e8les et des configurations exp\u00e9rimentales ont \u00e9t\u00e9 \u00e9tudi\u00e9es dans la pratique. Les diff\u00e9rents types de verdure de fa\u00e7ade sont examin\u00e9s. Dans toutes les \u00e9tudes, quel que soit le type de verdure de fa\u00e7ade, il a \u00e9t\u00e9 d\u00e9montr\u00e9 que la diff\u00e9rence entre les temp\u00e9ratures minimale et maximale d&rsquo;un mur avec verdure de fa\u00e7ade \u00e9tait plus faible que celle d&rsquo;un mur nu. On peut en conclure qu&rsquo;une grande partie des rayons solaires incidents sont absorb\u00e9s et r\u00e9fl\u00e9chis par les plantes, ce qui emp\u00eache les rayons solaires d&rsquo;atteindre la fa\u00e7ade situ\u00e9e \u00e0 l&rsquo;arri\u00e8re et donc de se r\u00e9chauffer. L&rsquo;une des principales conclusions est que l&rsquo;effet le plus important est obtenu \u00e0 des temp\u00e9ratures plus extr\u00eames. Plus la journ\u00e9e est chaude (froide), plus l&rsquo;effet de refroidissement (d&rsquo;isolation) de la verdure de la fa\u00e7ade est important.\t\t\t\t\t\t\t\t<\/div>\n\t\t\t\t<\/div>\n\t\t\t\t\t<\/div>\n\t\t<\/div>\n\t\t\t\t\t<\/div>\n\t\t<\/section>\n\t\t<div class=\"elementor-element elementor-element-f5e6108 e-flex e-con-boxed e-con e-parent\" data-id=\"f5e6108\" data-element_type=\"container\">\n\t\t\t\t\t<div class=\"e-con-inner\">\n\t\t\t\t<div class=\"elementor-element elementor-element-4011c78 elementor-widget elementor-widget-image\" data-id=\"4011c78\" data-element_type=\"widget\" data-widget_type=\"image.default\">\n\t\t\t\t<div class=\"elementor-widget-container\">\n\t\t\t\t\t\t\t\t\t\t\t\t\t\t\t<img decoding=\"async\" width=\"378\" height=\"239\" src=\"https:\/\/easyfairsassets.com\/sites\/172\/2025\/09\/Viaverde-3.jpg\" class=\"attachment-large size-large wp-image-43021\" alt=\"\" srcset=\"https:\/\/easyfairsassets.com\/sites\/172\/2025\/09\/Viaverde-3.jpg 378w, https:\/\/easyfairsassets.com\/sites\/172\/2025\/09\/Viaverde-3-300x190.jpg 300w\" sizes=\"(max-width: 378px) 100vw, 378px\" \/>\t\t\t\t\t\t\t\t\t\t\t\t\t\t\t<\/div>\n\t\t\t\t<\/div>\n\t\t\t\t\t<\/div>\n\t\t\t\t<\/div>\n\t\t<div class=\"elementor-element elementor-element-d49cbf2 e-flex e-con-boxed e-con e-parent\" data-id=\"d49cbf2\" data-element_type=\"container\">\n\t\t\t\t\t<div class=\"e-con-inner\">\n\t\t\t\t<div class=\"elementor-element elementor-element-be8e4ab elementor-widget elementor-widget-text-editor\" data-id=\"be8e4ab\" data-element_type=\"widget\" data-widget_type=\"text-editor.default\">\n\t\t\t\t<div class=\"elementor-widget-container\">\n\t\t\t\t\t\t\t\t\t<em>La v\u00e9g\u00e9talisation des fa\u00e7ades est \u00e9galement b\u00e9n\u00e9fique pour le porte-monnaie<\/em><br><br>La v\u00e9g\u00e9talisation des fa\u00e7ades permet d&rsquo;att\u00e9nuer les temp\u00e9ratures extr\u00eames. Par cons\u00e9quent, elle permet \u00e9galement d&rsquo;\u00e9conomiser de l&rsquo;\u00e9nergie. D&rsquo;autres recherches ont montr\u00e9 que la consommation d&rsquo;\u00e9nergie pour le chauffage et la climatisation \u00e9tait plus faible dans une maison dot\u00e9e d&rsquo;une fa\u00e7ade verte que dans une maison sans fa\u00e7ade. En hiver, la v\u00e9g\u00e9tation agit comme une sorte d&rsquo;isolation suppl\u00e9mentaire et en \u00e9t\u00e9, la v\u00e9g\u00e9tation fournit de l&rsquo;ombre, ce qui permet d&rsquo;att\u00e9nuer les temp\u00e9ratures dans les deux cas et donc d&rsquo;\u00e9conomiser de l&rsquo;\u00e9nergie.\t\t\t\t\t\t\t\t<\/div>\n\t\t\t\t<\/div>\n\t\t\t\t\t<\/div>\n\t\t\t\t<\/div>\n\t\t<div class=\"elementor-element elementor-element-f4317db e-flex e-con-boxed e-con e-parent\" data-id=\"f4317db\" data-element_type=\"container\">\n\t\t\t\t\t<div class=\"e-con-inner\">\n\t\t\t\t<div class=\"elementor-element elementor-element-2ed0249 elementor-widget elementor-widget-image\" data-id=\"2ed0249\" data-element_type=\"widget\" data-widget_type=\"image.default\">\n\t\t\t\t<div class=\"elementor-widget-container\">\n\t\t\t\t\t\t\t\t\t\t\t\t\t\t\t<img loading=\"lazy\" decoding=\"async\" width=\"800\" height=\"309\" src=\"https:\/\/easyfairsassets.com\/sites\/172\/2025\/09\/Viaverde-4-1024x395.png\" class=\"attachment-large size-large wp-image-43023\" alt=\"\" srcset=\"https:\/\/easyfairsassets.com\/sites\/172\/2025\/09\/Viaverde-4-1024x395.png 1024w, https:\/\/easyfairsassets.com\/sites\/172\/2025\/09\/Viaverde-4-300x116.png 300w, https:\/\/easyfairsassets.com\/sites\/172\/2025\/09\/Viaverde-4-768x296.png 768w, https:\/\/easyfairsassets.com\/sites\/172\/2025\/09\/Viaverde-4-1536x592.png 1536w, https:\/\/easyfairsassets.com\/sites\/172\/2025\/09\/Viaverde-4.png 1804w\" sizes=\"(max-width: 800px) 100vw, 800px\" \/>\t\t\t\t\t\t\t\t\t\t\t\t\t\t\t<\/div>\n\t\t\t\t<\/div>\n\t\t\t\t\t<\/div>\n\t\t\t\t<\/div>\n\t\t<div class=\"elementor-element elementor-element-8704629 e-flex e-con-boxed e-con e-parent\" data-id=\"8704629\" data-element_type=\"container\">\n\t\t\t\t\t<div class=\"e-con-inner\">\n\t\t\t\t<div class=\"elementor-element elementor-element-9c87aa6 elementor-widget elementor-widget-text-editor\" data-id=\"9c87aa6\" data-element_type=\"widget\" data-widget_type=\"text-editor.default\">\n\t\t\t\t<div class=\"elementor-widget-container\">\n\t\t\t\t\t\t\t\t\t\u00c0 partir de ces r\u00e9sultats, d&rsquo;autres recherches sont en cours afin de mettre au point un outil de calcul pour le secteur de la construction.<br><br>Chacun peut apporter sa pierre \u00e0 l&rsquo;\u00e9difice<br><br>Ces \u00e9tudes confirment d\u00e9j\u00e0 certains des avantages de la v\u00e9g\u00e9talisation des fa\u00e7ades. D&rsquo;autres recherches sont encore n\u00e9cessaires, mais leur impact positif est d\u00e9j\u00e0 \u00e9vident. Plus les fa\u00e7ades sont v\u00e9g\u00e9talis\u00e9es, plus l&rsquo;effet est important. C&rsquo;est une raison suffisante pour l&rsquo;appliquer davantage \u00e0 l&rsquo;avenir.<br><br>Le rapport de synth\u00e8se et la fiche d&rsquo;information qui l&rsquo;accompagne peuvent \u00eatre consult\u00e9s \u00e0 l&rsquo;adresse suivante : https:\/\/www.viaverda.be\/Publicaties\/infofiche-en-rapport-temperatuurbufferend-en-energiebesparend-effect-van-gevelgroen.<br><br>Femke De Neef\t\t\t\t\t\t\t\t<\/div>\n\t\t\t\t<\/div>\n\t\t\t\t\t<\/div>\n\t\t\t\t<\/div>\n\t\t\t\t<\/div>\n\t\t","protected":false},"excerpt":{"rendered":"<p>Des \u00e9tudes flamandes sur les effets (hygro)thermiques de la v\u00e9g\u00e9talisation des fa\u00e7ades r\u00e9unies dans un rapport de synth\u00e8se En raison du changement climatique croissant, les vagues de chaleur sont de plus en plus fr\u00e9quentes. Ces p\u00e9riodes de chaleur extr\u00eame entra\u00eenent une surmortalit\u00e9 annuelle de 2 \u00e0 6 % en Belgique. Les villes sont particuli\u00e8rement touch\u00e9es, [&hellip;]<\/p>\n","protected":false},"author":14,"featured_media":43239,"comment_status":"open","ping_status":"open","sticky":false,"template":"","format":"standard","meta":{"_seopress_robots_primary_cat":"321","_seopress_titles_title":"","_seopress_titles_desc":"","_seopress_robots_index":"","footnotes":""},"categories":[447,452],"tags":[],"edition":[422],"class_list":["post-43219","post","type-post","status-publish","format-standard","has-post-thumbnail","hentry","category-exposanten-flash-fr","category-green-nieuws-fr","edition-green-2026"],"_links":{"self":[{"href":"https:\/\/www.green-expo.be\/fr\/wp-json\/wp\/v2\/posts\/43219","targetHints":{"allow":["GET"]}}],"collection":[{"href":"https:\/\/www.green-expo.be\/fr\/wp-json\/wp\/v2\/posts"}],"about":[{"href":"https:\/\/www.green-expo.be\/fr\/wp-json\/wp\/v2\/types\/post"}],"author":[{"embeddable":true,"href":"https:\/\/www.green-expo.be\/fr\/wp-json\/wp\/v2\/users\/14"}],"replies":[{"embeddable":true,"href":"https:\/\/www.green-expo.be\/fr\/wp-json\/wp\/v2\/comments?post=43219"}],"version-history":[{"count":1,"href":"https:\/\/www.green-expo.be\/fr\/wp-json\/wp\/v2\/posts\/43219\/revisions"}],"predecessor-version":[{"id":43220,"href":"https:\/\/www.green-expo.be\/fr\/wp-json\/wp\/v2\/posts\/43219\/revisions\/43220"}],"wp:featuredmedia":[{"embeddable":true,"href":"https:\/\/www.green-expo.be\/fr\/wp-json\/wp\/v2\/media\/43239"}],"wp:attachment":[{"href":"https:\/\/www.green-expo.be\/fr\/wp-json\/wp\/v2\/media?parent=43219"}],"wp:term":[{"taxonomy":"category","embeddable":true,"href":"https:\/\/www.green-expo.be\/fr\/wp-json\/wp\/v2\/categories?post=43219"},{"taxonomy":"post_tag","embeddable":true,"href":"https:\/\/www.green-expo.be\/fr\/wp-json\/wp\/v2\/tags?post=43219"},{"taxonomy":"edition","embeddable":true,"href":"https:\/\/www.green-expo.be\/fr\/wp-json\/wp\/v2\/edition?post=43219"}],"curies":[{"name":"wp","href":"https:\/\/api.w.org\/{rel}","templated":true}]}}