{"id":44228,"date":"2025-12-10T08:56:09","date_gmt":"2025-12-10T07:56:09","guid":{"rendered":"https:\/\/www.green-expo.be\/vvog-un-pont-entre-la-politique-la-pratique-et-linnovation-verte\/"},"modified":"2025-12-10T08:56:11","modified_gmt":"2025-12-10T07:56:11","slug":"vvog-un-pont-entre-la-politique-la-pratique-et-linnovation-verte","status":"publish","type":"post","link":"https:\/\/www.green-expo.be\/fr\/vvog-un-pont-entre-la-politique-la-pratique-et-linnovation-verte\/","title":{"rendered":"VVOG : un pont entre la politique, la pratique et l&rsquo;innovation verte\u00a0"},"content":{"rendered":"\t\t<div data-elementor-type=\"wp-post\" data-elementor-id=\"44228\" class=\"elementor elementor-44228 elementor-44207\" data-elementor-post-type=\"post\">\n\t\t\t\t\t\t<section class=\"elementor-section elementor-top-section elementor-element elementor-element-894e133 elementor-section-boxed elementor-section-height-default elementor-section-height-default\" data-id=\"894e133\" data-element_type=\"section\">\n\t\t\t\t\t\t<div class=\"elementor-container elementor-column-gap-default\">\n\t\t\t\t\t<div class=\"elementor-column elementor-col-100 elementor-top-column elementor-element elementor-element-c882ff4\" data-id=\"c882ff4\" data-element_type=\"column\">\n\t\t\t<div class=\"elementor-widget-wrap elementor-element-populated\">\n\t\t\t\t\t\t<div class=\"elementor-element elementor-element-ddd3393 elementor-widget elementor-widget-text-editor\" data-id=\"ddd3393\" data-element_type=\"widget\" data-widget_type=\"text-editor.default\">\n\t\t\t\t<div class=\"elementor-widget-container\">\n\t\t\t\t\t\t\t\t\t<p><strong>Les espaces verts publics jouent un r\u00f4le de plus en plus important dans notre vie et notre travail, une \u00e9volution qui r\u00e9jouit Filiep Bouckenooghe, directeur de VVOG. \u00ab C&rsquo;est devenu un domaine politique \u00e0 part enti\u00e8re dans lequel les d\u00e9cideurs politiques peuvent marquer des points. \u00bb Il tient \u00e0 expliquer en quoi cela fait la diff\u00e9rence. \u00a0<\/strong><\/p>\n<p><span data-contrast=\"auto\">2026 sera une autre ann\u00e9e importante pour les espaces verts publics. La VVOG sera \u00e0 nouveau pr\u00e9sente \u00e0 Green Expo 2026, o\u00f9 elle s&rsquo;associera \u00e0 Green pour remettre le <\/span><b><span data-contrast=\"auto\">1-2-Tree Award<\/span><\/b><span data-contrast=\"auto\"> r\u00e9compensant le meilleur projet public li\u00e9 aux arbres. De plus, l&rsquo;Association pour les espaces verts publics (VVOG) (VVOG) f\u00eatera son 50e anniversaire en 2025. Ce qui a commenc\u00e9 comme une initiative visant \u00e0 soutenir les services verts dans les communes flamandes est devenu une organisation professionnelle influente qui contribue aujourd&rsquo;hui \u00e0 d\u00e9terminer l&rsquo;orientation de la politique locale en mati\u00e8re d&rsquo;environnement, de climat et d&rsquo;espaces verts.<\/span><\/p>\n<p><span data-contrast=\"auto\">Selon\u00a0<\/span><b><span data-contrast=\"auto\">le directeur\u00a0Filiep\u00a0Bouckenooghe<\/span><\/b><span data-contrast=\"auto\">\u00a0cette \u00e9volution n&rsquo;est pas le fruit du hasard : \u00ab Alors que les espaces verts publics \u00e9taient autrefois consid\u00e9r\u00e9s comme un domaine r\u00e9siduel, ils sont aujourd&rsquo;hui devenus un domaine politique \u00e0 part enti\u00e8re. Les espaces verts ne sont pas seulement g\u00e9r\u00e9s, mais aussi utilis\u00e9s de mani\u00e8re strat\u00e9gique pour la biodiversit\u00e9, l&rsquo;adaptation au climat et la qualit\u00e9 de vie. \u00bb<\/span><span data-ccp-props=\"{}\">\u00a0<\/span><\/p>\n\t\t\t\t\t\t\t\t<\/div>\n\t\t\t\t<\/div>\n\t\t<div class=\"elementor-element elementor-element-3b09145 e-flex e-con-boxed e-con e-parent\" data-id=\"3b09145\" data-element_type=\"container\">\n\t\t\t\t\t<div class=\"e-con-inner\">\n\t\t\t\t<div class=\"elementor-element elementor-element-dfe5d07 elementor-widget elementor-widget-image\" data-id=\"dfe5d07\" data-element_type=\"widget\" data-widget_type=\"image.default\">\n\t\t\t\t<div class=\"elementor-widget-container\">\n\t\t\t\t\t\t\t\t\t\t\t\t\t\t\t<img fetchpriority=\"high\" decoding=\"async\" width=\"800\" height=\"450\" src=\"https:\/\/easyfairsassets.com\/sites\/172\/2025\/12\/ExcursieKortrijjk2-1024x576.jpg\" class=\"attachment-large size-large wp-image-44214\" alt=\"\" srcset=\"https:\/\/easyfairsassets.com\/sites\/172\/2025\/12\/ExcursieKortrijjk2-1024x576.jpg 1024w, https:\/\/easyfairsassets.com\/sites\/172\/2025\/12\/ExcursieKortrijjk2-300x169.jpg 300w, https:\/\/easyfairsassets.com\/sites\/172\/2025\/12\/ExcursieKortrijjk2-768x432.jpg 768w, https:\/\/easyfairsassets.com\/sites\/172\/2025\/12\/ExcursieKortrijjk2-1536x864.jpg 1536w, https:\/\/easyfairsassets.com\/sites\/172\/2025\/12\/ExcursieKortrijjk2.jpg 1920w\" sizes=\"(max-width: 800px) 100vw, 800px\" \/>\t\t\t\t\t\t\t\t\t\t\t\t\t\t\t<\/div>\n\t\t\t\t<\/div>\n\t\t\t\t\t<\/div>\n\t\t\t\t<\/div>\n\t\t\t\t<div class=\"elementor-element elementor-element-5972417 elementor-widget elementor-widget-text-editor\" data-id=\"5972417\" data-element_type=\"widget\" data-widget_type=\"text-editor.default\">\n\t\t\t\t<div class=\"elementor-widget-container\">\n\t\t\t\t\t\t\t\t\t<p aria-level=\"2\"><strong>De l&rsquo;entretien des espaces verts au partenaire politique<\/strong><\/p>\n<p><span data-contrast=\"auto\">VVOG soutient les administrations locales de deux mani\u00e8res. D&rsquo;une part, au niveau politique, en accompagnant les \u00e9chevins, les bourgmestres et les \u00e9quipes de direction dans leur vision, leur planification pluriannuelle et leurs choix strat\u00e9giques. D&rsquo;autre part, sur le plan technique : comment planter un arbre sur un sol difficile ? Quels r\u00e9servoirs d&rsquo;eau conviennent \u00e0 votre quartier sp\u00e9cifique ? Une \u00e9quipe multidisciplinaire se penche chez VVOG sur des questions concr\u00e8tes issues du terrain.<\/span><\/p>\n<p><span data-contrast=\"auto\">Le partage des connaissances occupe toujours une place centrale. Il s&rsquo;effectue r\u00e9guli\u00e8rement par le biais de journ\u00e9es d&rsquo;\u00e9tude, de webinaires, du magazine sp\u00e9cialis\u00e9 <\/span><i><span data-contrast=\"auto\">Groencontact<\/span><\/i><span data-contrast=\"auto\">et les Openbaargroen-Awards qui mettent en avant les bonnes pratiques. \u00ab Nous voulons avant tout \u00e9viter que chaque administration locale doive r\u00e9inventer la roue \u00bb, explique Filiep. <\/span><span data-ccp-props=\"{}\">\u00a0<\/span><\/p>\n<p aria-level=\"2\"><strong>Pont entre la politique flamande et la pratique locale\u00a0<\/strong><\/p>\n<p><span data-contrast=\"auto\">La VVOG joue un r\u00f4le unique en tant qu&rsquo;interm\u00e9diaire entre le niveau flamand et la r\u00e9alit\u00e9 communale. \u00ab La Flandre impose \u00e0 juste titre des objectifs en mati\u00e8re de climat, de biodiversit\u00e9 et de d\u00e9simperm\u00e9abilisation \u00bb, explique Filiep, \u00ab mais nous constatons que les petites communes ont souvent du mal \u00e0 r\u00e9aliser ces ambitions. \u00bb VVOG assure alors la traduction, la nuance et des solutions r\u00e9alisables.<\/span><\/p>\n<p><span data-contrast=\"auto\">Ils font de m\u00eame sur le march\u00e9 : gr\u00e2ce \u00e0 des collaborations avec des entrepreneurs verts et des fournisseurs, ils rapprochent les produits et services innovants des administrations locales. Green Expo est \u00e0 cet \u00e9gard un moment important pour le r\u00e9seautage.<\/span><span data-ccp-props=\"{}\">\u00a0<\/span><\/p>\n<p aria-level=\"2\"><strong>Le vert comme r\u00e9ponse aux d\u00e9fis futurs\u00a0<\/strong><\/p>\n<p><span data-contrast=\"auto\">Tout comme le monde, VVOG ne reste pas inactif. Son programme ambitieux, publi\u00e9 avant les derni\u00e8res \u00e9lections, introduisait des concepts tels que la \u00ab proximit\u00e9 verte \u00bb (selon laquelle tout le monde doit avoir acc\u00e8s \u00e0 des espaces verts \u00e0 moins de 300 m\u00e8tres) et de \u00ab plus de verdure \u00bb (investir dans de nouveaux espaces verts plut\u00f4t que de se contenter de r\u00e9nover les espaces verts existants). Ces concepts ont \u00e9t\u00e9 largement repris par diff\u00e9rentes administrations communales. <\/span><span data-ccp-props=\"{}\">\u00a0<\/span><\/p>\n<p><span data-contrast=\"auto\">En outre, des th\u00e8mes tels que l&rsquo;adoucissement, la gestion de l&rsquo;eau et la gestion \u00e9cologique des tontes sont d\u00e9sormais monnaie courante, mais ils n\u00e9cessitent un soutien et une formation continus. \u00ab Nous devons convaincre tout le monde \u00bb, souligne Filiep, \u00ab des d\u00e9cideurs politiques aux services verts \u00bb. Pour y parvenir, la VVOG collabore non seulement avec les \u00e9chevins et les cadres interm\u00e9diaires des communes, mais aussi directement avec le personnel d&rsquo;ex\u00e9cution sur le terrain. <\/span><span data-ccp-props=\"{}\">\u00a0<\/span><\/p>\n<p><span data-contrast=\"auto\">Selon lui, la qualit\u00e9 des sols est \u00e9galement trop peu prise en compte. \u00ab Tout commence par l\u00e0. Sans sols sains, tout projet \u00e9cologique est vou\u00e9 \u00e0 l&rsquo;\u00e9chec. Nous en ferons peut-\u00eatre un th\u00e8me central lors du salon Green Expo 2026. \u00bb<\/span><span data-ccp-props=\"{}\">\u00a0<\/span><\/p>\n\t\t\t\t\t\t\t\t<\/div>\n\t\t\t\t<\/div>\n\t\t<div class=\"elementor-element elementor-element-9510362 e-flex e-con-boxed e-con e-parent\" data-id=\"9510362\" data-element_type=\"container\">\n\t\t\t\t\t<div class=\"e-con-inner\">\n\t\t\t\t<div class=\"elementor-element elementor-element-b62896f elementor-widget elementor-widget-image\" data-id=\"b62896f\" data-element_type=\"widget\" data-widget_type=\"image.default\">\n\t\t\t\t<div class=\"elementor-widget-container\">\n\t\t\t\t\t\t\t\t\t\t\t\t\t\t\t<img decoding=\"async\" width=\"800\" height=\"450\" src=\"https:\/\/easyfairsassets.com\/sites\/172\/2025\/12\/ExcursieKortrijk-1024x576.jpg\" class=\"attachment-large size-large wp-image-44212\" alt=\"\" srcset=\"https:\/\/easyfairsassets.com\/sites\/172\/2025\/12\/ExcursieKortrijk-1024x576.jpg 1024w, https:\/\/easyfairsassets.com\/sites\/172\/2025\/12\/ExcursieKortrijk-300x169.jpg 300w, https:\/\/easyfairsassets.com\/sites\/172\/2025\/12\/ExcursieKortrijk-768x432.jpg 768w, https:\/\/easyfairsassets.com\/sites\/172\/2025\/12\/ExcursieKortrijk-1536x864.jpg 1536w, https:\/\/easyfairsassets.com\/sites\/172\/2025\/12\/ExcursieKortrijk.jpg 1920w\" sizes=\"(max-width: 800px) 100vw, 800px\" \/>\t\t\t\t\t\t\t\t\t\t\t\t\t\t\t<\/div>\n\t\t\t\t<\/div>\n\t\t\t\t\t<\/div>\n\t\t\t\t<\/div>\n\t\t\t\t<div class=\"elementor-element elementor-element-53d618e elementor-widget elementor-widget-text-editor\" data-id=\"53d618e\" data-element_type=\"widget\" data-widget_type=\"text-editor.default\">\n\t\t\t\t<div class=\"elementor-widget-container\">\n\t\t\t\t\t\t\t\t\t<p aria-level=\"2\"><strong>La politique environnementale ne fonctionne que si elle est soutenue\u00a0<\/strong><\/p>\n<p>Une politique solide peut certes jouer un r\u00f4le positif pour une administration, mais elle doit \u00eatre correctement communiqu\u00e9e et expliqu\u00e9e aux \u00e9lecteurs. Le plus grand d\u00e9fi pour les municipalit\u00e9s n&rsquo;est pas seulement d&rsquo;\u00e9laborer une bonne politique, mais aussi de susciter l&rsquo;adh\u00e9sion des habitants \u00bb, affirme Filiep. \u00ab Ce qu&rsquo;une ville consid\u00e8re comme une gestion \u00e9cologique \u2013 comme tondre moins souvent ou planter des v\u00e9g\u00e9taux plus rustiques \u2013 n&rsquo;est pas toujours per\u00e7u comme positif par les habitants. C&rsquo;est pourquoi la communication est cruciale. \u00bb<span data-ccp-props=\"{}\">\u00a0<\/span><\/p>\n<p><span data-contrast=\"auto\">Filiep et ses coll\u00e8gues apportent \u00e9galement leur aide dans ce domaine : comment expliquer pourquoi une pelouse est moins bien tondue ? Comment impliquer les citoyens dans des projets d&rsquo;assouplissement ou de verdissement ? \u00ab Lorsque les gens comprennent pourquoi quelque chose est fait, ils sont plus enclins \u00e0 coop\u00e9rer, voire \u00e0 prendre eux-m\u00eames des initiatives. L&rsquo;environnement, la nature et le climat ne s&rsquo;arr\u00eatent pas aux fronti\u00e8res entre le domaine public et le domaine priv\u00e9. \u00bb<\/span><span data-ccp-props=\"{}\">\u00a0<\/span><\/p>\n<p aria-level=\"2\"><strong>VVOG au salon Green Expo 2026\u00a0<\/strong><\/p>\n<p><span data-contrast=\"auto\">VVOG est \u00e0 nouveau partenaire du salon et organise, en collaboration avec Green, le 1-2-Tree Award. Mais ils veulent aussi faire r\u00e9fl\u00e9chir les visiteurs. \u00ab Nous consid\u00e9rons de plus en plus l&rsquo;homme comme faisant partie int\u00e9grante de la nature, et non comme son oppos\u00e9 \u00bb, explique Filiep. \u00ab Les espaces verts publics ont non seulement une valeur \u00e9cologique, mais aussi un r\u00f4le social, \u00e9conomique et mental \u00e0 jouer. Pensez par exemple \u00e0 la verdure comme \u00e9l\u00e9ment d&rsquo;identit\u00e9, de marketing urbain et de renforcement du centre commercial. C&rsquo;est ce message que nous voulons \u00e0 nouveau faire passer en 2026. \u00bb<\/span><span data-ccp-props=\"{}\"> \u00a0<\/span><\/p>\n\t\t\t\t\t\t\t\t<\/div>\n\t\t\t\t<\/div>\n\t\t\t\t\t<\/div>\n\t\t<\/div>\n\t\t\t\t\t<\/div>\n\t\t<\/section>\n\t\t\t\t<\/div>\n\t\t","protected":false},"excerpt":{"rendered":"<p>Les espaces verts publics jouent un r\u00f4le de plus en plus important dans notre vie et notre travail, une \u00e9volution qui r\u00e9jouit Filiep Bouckenooghe, directeur de VVOG. \u00ab C&rsquo;est devenu un domaine politique \u00e0 part enti\u00e8re dans lequel les d\u00e9cideurs politiques peuvent marquer des points. \u00bb Il tient \u00e0 expliquer en quoi cela fait la [&hellip;]<\/p>\n","protected":false},"author":1351,"featured_media":44216,"comment_status":"open","ping_status":"open","sticky":false,"template":"","format":"standard","meta":{"_seopress_robots_primary_cat":"none","_seopress_titles_title":"","_seopress_titles_desc":"","_seopress_robots_index":"","footnotes":""},"categories":[447,452],"tags":[],"edition":[422],"class_list":["post-44228","post","type-post","status-publish","format-standard","has-post-thumbnail","hentry","category-exposanten-flash-fr","category-green-nieuws-fr","edition-green-2026"],"_links":{"self":[{"href":"https:\/\/www.green-expo.be\/fr\/wp-json\/wp\/v2\/posts\/44228","targetHints":{"allow":["GET"]}}],"collection":[{"href":"https:\/\/www.green-expo.be\/fr\/wp-json\/wp\/v2\/posts"}],"about":[{"href":"https:\/\/www.green-expo.be\/fr\/wp-json\/wp\/v2\/types\/post"}],"author":[{"embeddable":true,"href":"https:\/\/www.green-expo.be\/fr\/wp-json\/wp\/v2\/users\/1351"}],"replies":[{"embeddable":true,"href":"https:\/\/www.green-expo.be\/fr\/wp-json\/wp\/v2\/comments?post=44228"}],"version-history":[{"count":1,"href":"https:\/\/www.green-expo.be\/fr\/wp-json\/wp\/v2\/posts\/44228\/revisions"}],"predecessor-version":[{"id":44229,"href":"https:\/\/www.green-expo.be\/fr\/wp-json\/wp\/v2\/posts\/44228\/revisions\/44229"}],"wp:featuredmedia":[{"embeddable":true,"href":"https:\/\/www.green-expo.be\/fr\/wp-json\/wp\/v2\/media\/44216"}],"wp:attachment":[{"href":"https:\/\/www.green-expo.be\/fr\/wp-json\/wp\/v2\/media?parent=44228"}],"wp:term":[{"taxonomy":"category","embeddable":true,"href":"https:\/\/www.green-expo.be\/fr\/wp-json\/wp\/v2\/categories?post=44228"},{"taxonomy":"post_tag","embeddable":true,"href":"https:\/\/www.green-expo.be\/fr\/wp-json\/wp\/v2\/tags?post=44228"},{"taxonomy":"edition","embeddable":true,"href":"https:\/\/www.green-expo.be\/fr\/wp-json\/wp\/v2\/edition?post=44228"}],"curies":[{"name":"wp","href":"https:\/\/api.w.org\/{rel}","templated":true}]}}