{"id":44314,"date":"2025-12-11T13:29:11","date_gmt":"2025-12-11T12:29:11","guid":{"rendered":"https:\/\/www.green-expo.be\/salon-professionnel-du-secteur-vert-2026-trois-jours-riches-en-connaissances-innovations-et-rencontres\/"},"modified":"2025-12-11T13:29:12","modified_gmt":"2025-12-11T12:29:12","slug":"salon-professionnel-du-secteur-vert-2026-trois-jours-riches-en-connaissances-innovations-et-rencontres","status":"publish","type":"post","link":"https:\/\/www.green-expo.be\/fr\/salon-professionnel-du-secteur-vert-2026-trois-jours-riches-en-connaissances-innovations-et-rencontres\/","title":{"rendered":"Salon professionnel du secteur vert 2026 : trois jours riches en connaissances, innovations et rencontres"},"content":{"rendered":"\t\t<div data-elementor-type=\"wp-post\" data-elementor-id=\"44314\" class=\"elementor elementor-44314 elementor-44298\" data-elementor-post-type=\"post\">\n\t\t\t\t\t\t<section class=\"elementor-section elementor-top-section elementor-element elementor-element-58a9f2f elementor-section-boxed elementor-section-height-default elementor-section-height-default\" data-id=\"58a9f2f\" data-element_type=\"section\">\n\t\t\t\t\t\t<div class=\"elementor-container elementor-column-gap-default\">\n\t\t\t\t\t<div class=\"elementor-column elementor-col-100 elementor-top-column elementor-element elementor-element-1f8e6a5\" data-id=\"1f8e6a5\" data-element_type=\"column\">\n\t\t\t<div class=\"elementor-widget-wrap elementor-element-populated\">\n\t\t\t\t\t\t<div class=\"elementor-element elementor-element-c12c4f0 elementor-widget elementor-widget-text-editor\" data-id=\"c12c4f0\" data-element_type=\"widget\" data-widget_type=\"text-editor.default\">\n\t\t\t\t<div class=\"elementor-widget-container\">\n\t\t\t\t\t\t\t\t\t<p>Les 13, 14 et 15 janvier 2026, le centre \u00e9v\u00e9nementiel Evenementenhal Hardenberg ouvrira ses portes au salon professionnel De Groene Sector Vakbeurs. Plus de 300 exposants pr\u00e9senteront les derni\u00e8res nouveaut\u00e9s du secteur vert, des nouveaux mat\u00e9riaux et machines aux outils num\u00e9riques et innovations durables. Jardiniers, paysagistes, arboriculteurs, concepteurs, d\u00e9cideurs politiques et fournisseurs s&rsquo;y retrouveront pour \u00e9changer leurs connaissances et trouver de nouvelles id\u00e9es.<\/p>\n<p>S\u00e9ances d&rsquo;information avant le salon<\/p>\n<p>Avant le salon, des s\u00e9ances d&rsquo;information sp\u00e9ciales seront organis\u00e9es afin de donner aux visiteurs une longueur d&rsquo;avance sur les th\u00e8mes d&rsquo;actualit\u00e9 dans le secteur. Jacco Vonhof, pr\u00e9sident de MKB-Nederland, partagera ainsi sa vision de l&rsquo;entrepreneuriat et abordera des sujets tels que la p\u00e9nurie de main-d&rsquo;\u0153uvre, la l\u00e9gislation et la durabilit\u00e9. D&rsquo;autres sessions traiteront des questions juridiques relatives aux arbres, de l&rsquo;utilisation de la num\u00e9risation et de l&rsquo;IA dans la planification et la conception, ainsi que des nouveaut\u00e9s en mati\u00e8re de plantes vivaces. Les visiteurs peuvent s&rsquo;inscrire \u00e0 ces sessions d&rsquo;information lors de leur inscription au salon. Le programme complet des sessions est disponible sur groenesector.nl\/programma.<\/p>\n\t\t\t\t\t\t\t\t<\/div>\n\t\t\t\t<\/div>\n\t\t<div class=\"elementor-element elementor-element-42efb33 e-flex e-con-boxed e-con e-parent\" data-id=\"42efb33\" data-element_type=\"container\">\n\t\t\t\t\t<div class=\"e-con-inner\">\n\t\t\t\t<div class=\"elementor-element elementor-element-7168f7e elementor-widget elementor-widget-image\" data-id=\"7168f7e\" data-element_type=\"widget\" data-widget_type=\"image.default\">\n\t\t\t\t<div class=\"elementor-widget-container\">\n\t\t\t\t\t\t\t\t\t\t\t\t\t\t\t<img fetchpriority=\"high\" decoding=\"async\" width=\"800\" height=\"534\" src=\"https:\/\/easyfairsassets.com\/sites\/172\/2025\/12\/Seijbel-Photography_GrSec_klein-297-1024x683.jpg\" class=\"attachment-large size-large wp-image-44302\" alt=\"\" srcset=\"https:\/\/easyfairsassets.com\/sites\/172\/2025\/12\/Seijbel-Photography_GrSec_klein-297-1024x683.jpg 1024w, https:\/\/easyfairsassets.com\/sites\/172\/2025\/12\/Seijbel-Photography_GrSec_klein-297-300x200.jpg 300w, https:\/\/easyfairsassets.com\/sites\/172\/2025\/12\/Seijbel-Photography_GrSec_klein-297-768x512.jpg 768w, https:\/\/easyfairsassets.com\/sites\/172\/2025\/12\/Seijbel-Photography_GrSec_klein-297-1536x1024.jpg 1536w, https:\/\/easyfairsassets.com\/sites\/172\/2025\/12\/Seijbel-Photography_GrSec_klein-297.jpg 1920w\" sizes=\"(max-width: 800px) 100vw, 800px\" \/>\t\t\t\t\t\t\t\t\t\t\t\t\t\t\t<\/div>\n\t\t\t\t<\/div>\n\t\t\t\t\t<\/div>\n\t\t\t\t<\/div>\n\t\t\t\t<div class=\"elementor-element elementor-element-19f2305 elementor-widget elementor-widget-text-editor\" data-id=\"19f2305\" data-element_type=\"widget\" data-widget_type=\"text-editor.default\">\n\t\t\t\t<div class=\"elementor-widget-container\">\n\t\t\t\t\t\t\t\t\t<p><b><span data-contrast=\"auto\">Jardin du futur : inspiration et exemples pratiques<\/span><\/b><span data-ccp-props=\"{}\">\u00a0<\/span><\/p>\n<p><span data-contrast=\"auto\">Le Jardin du futur, am\u00e9nag\u00e9 par les \u00e9tudiants du Zone.college, rassemble des th\u00e8mes d&rsquo;actualit\u00e9 tels que l&rsquo;am\u00e9nagement respectueux de la nature, la gestion de l&rsquo;eau, les mat\u00e9riaux circulaires et la biodiversit\u00e9. Pendant trois jours, des tables rondes sont organis\u00e9es en collaboration avec Tuin en Landschap, au cours desquelles des experts, des concepteurs et des d\u00e9cideurs politiques discutent de sujets tels que les espaces verts p\u00e9rennes, la technologie dans l&rsquo;am\u00e9nagement et l&rsquo;entretien, et la v\u00e9g\u00e9talisation des zones urbaines.<\/span><\/p>\n\t\t\t\t\t\t\t\t<\/div>\n\t\t\t\t<\/div>\n\t\t<div class=\"elementor-element elementor-element-7c996c2 e-flex e-con-boxed e-con e-parent\" data-id=\"7c996c2\" data-element_type=\"container\">\n\t\t\t\t\t<div class=\"e-con-inner\">\n\t\t\t\t<div class=\"elementor-element elementor-element-4179444 elementor-widget elementor-widget-image\" data-id=\"4179444\" data-element_type=\"widget\" data-widget_type=\"image.default\">\n\t\t\t\t<div class=\"elementor-widget-container\">\n\t\t\t\t\t\t\t\t\t\t\t\t\t\t\t<img decoding=\"async\" width=\"800\" height=\"534\" src=\"https:\/\/easyfairsassets.com\/sites\/172\/2025\/12\/Seijbel-Photography_GrSec_klein-2-1024x683.jpg\" class=\"attachment-large size-large wp-image-44304\" alt=\"\" srcset=\"https:\/\/easyfairsassets.com\/sites\/172\/2025\/12\/Seijbel-Photography_GrSec_klein-2-1024x683.jpg 1024w, https:\/\/easyfairsassets.com\/sites\/172\/2025\/12\/Seijbel-Photography_GrSec_klein-2-300x200.jpg 300w, https:\/\/easyfairsassets.com\/sites\/172\/2025\/12\/Seijbel-Photography_GrSec_klein-2-768x512.jpg 768w, https:\/\/easyfairsassets.com\/sites\/172\/2025\/12\/Seijbel-Photography_GrSec_klein-2-1536x1024.jpg 1536w, https:\/\/easyfairsassets.com\/sites\/172\/2025\/12\/Seijbel-Photography_GrSec_klein-2.jpg 1920w\" sizes=\"(max-width: 800px) 100vw, 800px\" \/>\t\t\t\t\t\t\t\t\t\t\t\t\t\t\t<\/div>\n\t\t\t\t<\/div>\n\t\t\t\t\t<\/div>\n\t\t\t\t<\/div>\n\t\t\t\t<div class=\"elementor-element elementor-element-93ed4b5 elementor-widget elementor-widget-text-editor\" data-id=\"93ed4b5\" data-element_type=\"widget\" data-widget_type=\"text-editor.default\">\n\t\t\t\t<div class=\"elementor-widget-container\">\n\t\t\t\t\t\t\t\t\t<p><b><span data-contrast=\"auto\">R\u00e9compenses\u00a0et innovations<\/span><\/b><span data-ccp-props=\"{}\">\u00a0<\/span><\/p>\n<p><span data-contrast=\"auto\">Des prix importants seront \u00e9galement remis lors du salon. Le \u00ab Jardinier le plus durable 2025 \u00bb sera ainsi d\u00e9sign\u00e9, un prix qui r\u00e9compense les jardiniers qui prennent des mesures actives en faveur du d\u00e9veloppement durable et qui renforcent leur impact. <\/span><span data-ccp-props=\"{}\">\u00a0<\/span><\/p>\n<p><span data-contrast=\"auto\">Les Innovation Awards 2026 mettent \u00e0 l&rsquo;honneur les derni\u00e8res innovations, des machines et outils aux applications num\u00e9riques et mat\u00e9riaux innovants. Les visiteurs peuvent voter pour leur innovation pr\u00e9f\u00e9r\u00e9e, tant en ligne que dans la zone Innovation du salon.<\/span><span data-ccp-props=\"{}\">\u00a0<\/span><\/p>\n<p><b><span data-contrast=\"auto\">Concours national des jardiniers paysagistes : les jeunes talents en action<\/span><\/b><span data-ccp-props=\"{}\">\u00a0<\/span><\/p>\n<p><span data-contrast=\"auto\">Les jeunes professionnels montrent leur talent lors du Concours national des jardiniers paysagistes, au cours duquel les \u00e9tudiants am\u00e9nagent un jardin complet et sont \u00e9valu\u00e9s sur la conception, la r\u00e9alisation et les techniques professionnelles. Le dernier jour, le nom du gagnant est annonc\u00e9 dans le LOODS, un moment inspirant pour les visiteurs et les participants.<\/span><span data-ccp-props=\"{}\">\u00a0<\/span><\/p>\n<p><span data-ccp-props=\"{}\">\u00a0<\/span><\/p>\n<p><b><span data-contrast=\"auto\">Visitez le salon professionnel De Groene Sector Vakbeurs 2026<\/span><\/b><span data-ccp-props=\"{}\">\u00a0<\/span><\/p>\n<p><span data-contrast=\"auto\">Avec un programme complet de sessions d&rsquo;information, de moments de r\u00e9seautage et d&rsquo;\u00e9changes d&rsquo;id\u00e9es, le salon offre tout ce dont les professionnels ont besoin pour aborder la nouvelle ann\u00e9e avec inspiration et bien pr\u00e9par\u00e9s.<\/span><span data-ccp-props=\"{}\">\u00a0<\/span><\/p>\n<p><span data-contrast=\"auto\">Ne manquez pas cette occasion !\u00a0<\/span><a href=\"https:\/\/register.visitcloud.com\/survey\/1qqzdjt61wzja?actioncode=MP1011\"><span data-contrast=\"none\">Inscrivez-vous gratuitement<\/span><\/a><span data-contrast=\"auto\">\u00a0au salon professionnel De Groene Sector Vakbeurs 2026.<\/span><span data-ccp-props=\"{}\">\u00a0<\/span><\/p>\n\t\t\t\t\t\t\t\t<\/div>\n\t\t\t\t<\/div>\n\t\t<div class=\"elementor-element elementor-element-7aafde3 e-flex e-con-boxed e-con e-parent\" data-id=\"7aafde3\" data-element_type=\"container\">\n\t\t\t\t\t<div class=\"e-con-inner\">\n\t\t\t\t<div class=\"elementor-element elementor-element-0fa1298 elementor-widget elementor-widget-image\" data-id=\"0fa1298\" data-element_type=\"widget\" data-widget_type=\"image.default\">\n\t\t\t\t<div class=\"elementor-widget-container\">\n\t\t\t\t\t\t\t\t\t\t\t\t\t\t\t<img decoding=\"async\" width=\"800\" height=\"534\" src=\"https:\/\/easyfairsassets.com\/sites\/172\/2025\/12\/20250109_182303_GroeneSectorVB_KevinvlPhotography_DSC05176-Enhanced-NR-LR-1024x683.jpg\" class=\"attachment-large size-large wp-image-44308\" alt=\"\" srcset=\"https:\/\/easyfairsassets.com\/sites\/172\/2025\/12\/20250109_182303_GroeneSectorVB_KevinvlPhotography_DSC05176-Enhanced-NR-LR-1024x683.jpg 1024w, https:\/\/easyfairsassets.com\/sites\/172\/2025\/12\/20250109_182303_GroeneSectorVB_KevinvlPhotography_DSC05176-Enhanced-NR-LR-300x200.jpg 300w, https:\/\/easyfairsassets.com\/sites\/172\/2025\/12\/20250109_182303_GroeneSectorVB_KevinvlPhotography_DSC05176-Enhanced-NR-LR-768x512.jpg 768w, https:\/\/easyfairsassets.com\/sites\/172\/2025\/12\/20250109_182303_GroeneSectorVB_KevinvlPhotography_DSC05176-Enhanced-NR-LR-1536x1024.jpg 1536w, https:\/\/easyfairsassets.com\/sites\/172\/2025\/12\/20250109_182303_GroeneSectorVB_KevinvlPhotography_DSC05176-Enhanced-NR-LR.jpg 1920w\" sizes=\"(max-width: 800px) 100vw, 800px\" \/>\t\t\t\t\t\t\t\t\t\t\t\t\t\t\t<\/div>\n\t\t\t\t<\/div>\n\t\t\t\t\t<\/div>\n\t\t\t\t<\/div>\n\t\t\t\t\t<\/div>\n\t\t<\/div>\n\t\t\t\t\t<\/div>\n\t\t<\/section>\n\t\t\t\t<\/div>\n\t\t","protected":false},"excerpt":{"rendered":"<p>Les 13, 14 et 15 janvier 2026, le centre \u00e9v\u00e9nementiel Evenementenhal Hardenberg ouvrira ses portes au salon professionnel De Groene Sector Vakbeurs. Plus de 300 exposants pr\u00e9senteront les derni\u00e8res nouveaut\u00e9s du secteur vert, des nouveaux mat\u00e9riaux et machines aux outils num\u00e9riques et innovations durables. Jardiniers, paysagistes, arboriculteurs, concepteurs, d\u00e9cideurs politiques et fournisseurs s&rsquo;y retrouveront pour [&hellip;]<\/p>\n","protected":false},"author":1351,"featured_media":44306,"comment_status":"open","ping_status":"open","sticky":false,"template":"","format":"standard","meta":{"_seopress_robots_primary_cat":"none","_seopress_titles_title":"","_seopress_titles_desc":"","_seopress_robots_index":"","footnotes":""},"categories":[447,452],"tags":[],"edition":[],"class_list":["post-44314","post","type-post","status-publish","format-standard","has-post-thumbnail","hentry","category-exposanten-flash-fr","category-green-nieuws-fr"],"_links":{"self":[{"href":"https:\/\/www.green-expo.be\/fr\/wp-json\/wp\/v2\/posts\/44314","targetHints":{"allow":["GET"]}}],"collection":[{"href":"https:\/\/www.green-expo.be\/fr\/wp-json\/wp\/v2\/posts"}],"about":[{"href":"https:\/\/www.green-expo.be\/fr\/wp-json\/wp\/v2\/types\/post"}],"author":[{"embeddable":true,"href":"https:\/\/www.green-expo.be\/fr\/wp-json\/wp\/v2\/users\/1351"}],"replies":[{"embeddable":true,"href":"https:\/\/www.green-expo.be\/fr\/wp-json\/wp\/v2\/comments?post=44314"}],"version-history":[{"count":1,"href":"https:\/\/www.green-expo.be\/fr\/wp-json\/wp\/v2\/posts\/44314\/revisions"}],"predecessor-version":[{"id":44315,"href":"https:\/\/www.green-expo.be\/fr\/wp-json\/wp\/v2\/posts\/44314\/revisions\/44315"}],"wp:featuredmedia":[{"embeddable":true,"href":"https:\/\/www.green-expo.be\/fr\/wp-json\/wp\/v2\/media\/44306"}],"wp:attachment":[{"href":"https:\/\/www.green-expo.be\/fr\/wp-json\/wp\/v2\/media?parent=44314"}],"wp:term":[{"taxonomy":"category","embeddable":true,"href":"https:\/\/www.green-expo.be\/fr\/wp-json\/wp\/v2\/categories?post=44314"},{"taxonomy":"post_tag","embeddable":true,"href":"https:\/\/www.green-expo.be\/fr\/wp-json\/wp\/v2\/tags?post=44314"},{"taxonomy":"edition","embeddable":true,"href":"https:\/\/www.green-expo.be\/fr\/wp-json\/wp\/v2\/edition?post=44314"}],"curies":[{"name":"wp","href":"https:\/\/api.w.org\/{rel}","templated":true}]}}