{"id":44589,"date":"2026-03-11T15:58:33","date_gmt":"2026-03-11T14:58:33","guid":{"rendered":"https:\/\/www.green-expo.be\/armosa-franchit-une-nouvelle-etape-dans-la-lutte-contre-le-frelon-asiatique\/"},"modified":"2026-03-16T08:45:07","modified_gmt":"2026-03-16T07:45:07","slug":"le-frelon-asiatique","status":"publish","type":"post","link":"https:\/\/www.green-expo.be\/fr\/le-frelon-asiatique\/","title":{"rendered":"Armosa franchit une nouvelle \u00e9tape dans la lutte contre le frelon asiatique"},"content":{"rendered":"\t\t<div data-elementor-type=\"wp-post\" data-elementor-id=\"44589\" class=\"elementor elementor-44589 elementor-44551\" data-elementor-post-type=\"post\">\n\t\t\t\t<div class=\"elementor-element elementor-element-93fe5f3 e-flex e-con-boxed e-con e-parent\" data-id=\"93fe5f3\" data-element_type=\"container\">\n\t\t\t\t\t<div class=\"e-con-inner\">\n\t\t\t\t<div class=\"elementor-element elementor-element-78236f5 elementor-widget elementor-widget-text-editor\" data-id=\"78236f5\" data-element_type=\"widget\" data-widget_type=\"text-editor.default\">\n\t\t\t\t<div class=\"elementor-widget-container\">\n\t\t\t\t\t\t\t\t\t<p><span style=\"font-weight: 400;\">La protection de la biodiversit\u00e9 constitue aujourd\u2019hui l\u2019un des plus grands d\u00e9fis du secteur vert. Les villes et les communes investissent dans des espaces verts r\u00e9silients face au climat, des accotements fleuris, la r\u00e9tention d\u2019eau et une gestion respectueuse de la nature. Mais ces efforts sont mis sous pression par des esp\u00e8ces exotiques invasives telles que le frelon asiatique.<\/span><\/p>\n<p><span style=\"font-weight: 400;\">Le frelon asiatique (Vespa velutina) est d\u00e9sormais bien implant\u00e9 en Europe et repr\u00e9sente une menace s\u00e9rieuse pour les abeilles domestiques, les abeilles sauvages et d\u2019autres pollinisateurs. Or, ces insectes jouent un r\u00f4le crucial dans nos \u00e9cosyst\u00e8mes, la production alimentaire et la v\u00e9g\u00e9talisation des villes. Sans une lutte cibl\u00e9e et r\u00e9fl\u00e9chie, l\u2019\u00e9quilibre \u00e9cologique risque d\u2019\u00eatre perturb\u00e9.<\/span><\/p>\n<p><span style=\"font-weight: 400;\">Avec un pi\u00e8ge innovant et s\u00e9lectif, Armosa r\u00e9pond \u00e0 ce d\u00e9fi urgent. Le syst\u00e8me a \u00e9t\u00e9 d\u00e9velopp\u00e9 pour capturer exclusivement les frelons asiatiques, sans nuire aux abeilles ni aux autres insectes utiles \u2014 une condition essentielle dans une gestion durable des espaces verts.<\/span><\/p>\n\t\t\t\t\t\t\t\t<\/div>\n\t\t\t\t<\/div>\n\t\t\t\t<div class=\"elementor-element elementor-element-67e8330 elementor-widget elementor-widget-image\" data-id=\"67e8330\" data-element_type=\"widget\" data-widget_type=\"image.default\">\n\t\t\t\t<div class=\"elementor-widget-container\">\n\t\t\t\t\t\t\t\t\t\t\t\t\t\t\t<img fetchpriority=\"high\" decoding=\"async\" width=\"206\" height=\"300\" src=\"https:\/\/easyfairsassets.com\/sites\/172\/2026\/03\/IMG-20251001-WA0054-01-206x300.jpeg\" class=\"attachment-medium size-medium wp-image-44560\" alt=\"\" srcset=\"https:\/\/easyfairsassets.com\/sites\/172\/2026\/03\/IMG-20251001-WA0054-01-206x300.jpeg 206w, https:\/\/easyfairsassets.com\/sites\/172\/2026\/03\/IMG-20251001-WA0054-01-704x1024.jpeg 704w, https:\/\/easyfairsassets.com\/sites\/172\/2026\/03\/IMG-20251001-WA0054-01-768x1118.jpeg 768w, https:\/\/easyfairsassets.com\/sites\/172\/2026\/03\/IMG-20251001-WA0054-01-1055x1536.jpeg 1055w, https:\/\/easyfairsassets.com\/sites\/172\/2026\/03\/IMG-20251001-WA0054-01.jpeg 1293w\" sizes=\"(max-width: 206px) 100vw, 206px\" \/>\t\t\t\t\t\t\t\t\t\t\t\t\t\t\t<\/div>\n\t\t\t\t<\/div>\n\t\t\t\t\t<\/div>\n\t\t\t\t<\/div>\n\t\t<div class=\"elementor-element elementor-element-3b4e81f e-flex e-con-boxed e-con e-parent\" data-id=\"3b4e81f\" data-element_type=\"container\">\n\t\t\t\t\t<div class=\"e-con-inner\">\n\t\t\t\t<div class=\"elementor-element elementor-element-dd23854 elementor-widget elementor-widget-text-editor\" data-id=\"dd23854\" data-element_type=\"widget\" data-widget_type=\"text-editor.default\">\n\t\t\t\t<div class=\"elementor-widget-container\">\n\t\t\t\t\t\t\t\t\t<p><b>Pourquoi il s\u2019agit d\u2019une v\u00e9ritable innovation<\/b><\/p>\n<p><b>S\u00e9lectif et non toxique<\/b><span style=\"font-weight: 400;\"><br \/>\n<\/span><span style=\"font-weight: 400;\">Le pi\u00e8ge fonctionne sans insecticides et sans noyade. Gr\u00e2ce \u00e0 un calibrage ing\u00e9nieux des ouvertures et \u00e0 un syst\u00e8me anti-retour sp\u00e9cifique, il est adapt\u00e9 \u00e0 la morphologie et au comportement de Vespa velutina. Le risque de capture accidentelle d\u2019insectes utiles est ainsi fortement limit\u00e9. Cette solution est donc particuli\u00e8rement adapt\u00e9e aux environnements o\u00f9 la biodiversit\u00e9 occupe une place centrale.<\/span><\/p>\n<p><b>Utilisable dans l\u2019ensemble du secteur vert<\/b><span style=\"font-weight: 400;\"><br \/>\n<\/span><span style=\"font-weight: 400;\"> Le pi\u00e8ge est facile \u00e0 installer et \u00e0 entretenir et peut \u00eatre utilis\u00e9 dans les jardins, les parcs, \u00e0 proximit\u00e9 des ruches, sur des sites d\u2019entreprises ou dans d\u2019autres environnements verts. Pour les communes, les entrepreneurs paysagistes et les apiculteurs, il constitue un moyen simple et efficace de contribuer \u00e0 la protection des pollinisateurs.<\/span><\/p>\n<p><b>App\u00e2t Protecta\u00ae : une efficacit\u00e9 cibl\u00e9e<\/b><span style=\"font-weight: 400;\"><br \/>\n<\/span><span style=\"font-weight: 400;\"> Chaque pi\u00e8ge est fourni avec l\u2019app\u00e2t Protecta\u00ae, qui exerce une forte attraction sur les frelons asiatiques. L\u2019app\u00e2t est disponible en recharges et augmente consid\u00e9rablement les captures. Cette approche cibl\u00e9e permet non seulement de r\u00e9duire la pression sur les populations d\u2019abeilles, mais aussi de prot\u00e9ger l\u2019\u00e9cosyst\u00e8me dans son ensemble.<\/span><\/p>\n<p><b>Une approche cibl\u00e9e des esp\u00e8ces invasives<\/b><span style=\"font-weight: 400;\"><br \/>\n<\/span><span style=\"font-weight: 400;\"> La lutte contre les esp\u00e8ces invasives n\u00e9cessite une approche intelligente et durable. La lutte s\u00e9lective s\u2019inscrit dans une vision plus large o\u00f9 la pr\u00e9servation de l\u2019\u00e9quilibre naturel occupe une place centrale.<\/span><\/p>\n<p><span style=\"font-weight: 400;\">Avec ce type de solutions, Armosa contribue \u00e0 une approche cibl\u00e9e et responsable du frelon asiatique, tout en prot\u00e9geant au maximum les insectes utiles.<\/span><\/p>\n<p><span style=\"font-weight: 400;\">C\u2019est ce que repr\u00e9sente Armosa : Keeping Nature at its Best.<\/span><\/p>\n\t\t\t\t\t\t\t\t<\/div>\n\t\t\t\t<\/div>\n\t\t\t\t\t<\/div>\n\t\t\t\t<\/div>\n\t\t\t\t<\/div>\n\t\t","protected":false},"excerpt":{"rendered":"<p>La protection de la biodiversit\u00e9 constitue aujourd\u2019hui l\u2019un des plus grands d\u00e9fis du secteur vert. Les villes et les communes investissent dans des espaces verts r\u00e9silients face au climat, des accotements fleuris, la r\u00e9tention d\u2019eau et une gestion respectueuse de la nature. Mais ces efforts sont mis sous pression par des esp\u00e8ces exotiques invasives telles [&hellip;]<\/p>\n","protected":false},"author":1651,"featured_media":44555,"comment_status":"closed","ping_status":"closed","sticky":false,"template":"","format":"standard","meta":{"_seopress_robots_primary_cat":"none","_seopress_titles_title":"","_seopress_titles_desc":"","_seopress_robots_index":"","footnotes":""},"categories":[447,452],"tags":[],"edition":[422],"class_list":["post-44589","post","type-post","status-publish","format-standard","has-post-thumbnail","hentry","category-exposanten-flash-fr","category-green-nieuws-fr","edition-green-2026"],"_links":{"self":[{"href":"https:\/\/www.green-expo.be\/fr\/wp-json\/wp\/v2\/posts\/44589","targetHints":{"allow":["GET"]}}],"collection":[{"href":"https:\/\/www.green-expo.be\/fr\/wp-json\/wp\/v2\/posts"}],"about":[{"href":"https:\/\/www.green-expo.be\/fr\/wp-json\/wp\/v2\/types\/post"}],"author":[{"embeddable":true,"href":"https:\/\/www.green-expo.be\/fr\/wp-json\/wp\/v2\/users\/1651"}],"replies":[{"embeddable":true,"href":"https:\/\/www.green-expo.be\/fr\/wp-json\/wp\/v2\/comments?post=44589"}],"version-history":[{"count":1,"href":"https:\/\/www.green-expo.be\/fr\/wp-json\/wp\/v2\/posts\/44589\/revisions"}],"predecessor-version":[{"id":44590,"href":"https:\/\/www.green-expo.be\/fr\/wp-json\/wp\/v2\/posts\/44589\/revisions\/44590"}],"wp:featuredmedia":[{"embeddable":true,"href":"https:\/\/www.green-expo.be\/fr\/wp-json\/wp\/v2\/media\/44555"}],"wp:attachment":[{"href":"https:\/\/www.green-expo.be\/fr\/wp-json\/wp\/v2\/media?parent=44589"}],"wp:term":[{"taxonomy":"category","embeddable":true,"href":"https:\/\/www.green-expo.be\/fr\/wp-json\/wp\/v2\/categories?post=44589"},{"taxonomy":"post_tag","embeddable":true,"href":"https:\/\/www.green-expo.be\/fr\/wp-json\/wp\/v2\/tags?post=44589"},{"taxonomy":"edition","embeddable":true,"href":"https:\/\/www.green-expo.be\/fr\/wp-json\/wp\/v2\/edition?post=44589"}],"curies":[{"name":"wp","href":"https:\/\/api.w.org\/{rel}","templated":true}]}}