{"id":44593,"date":"2026-03-11T16:01:19","date_gmt":"2026-03-11T15:01:19","guid":{"rendered":"https:\/\/www.green-expo.be\/un-nouvel-acteur-sur-le-marche-belge-en-2026-la-mobilite-electrique-comme-levier-pour-un-secteur-plus-vert\/"},"modified":"2026-03-16T08:47:26","modified_gmt":"2026-03-16T07:47:26","slug":"la-mobilite-electrique","status":"publish","type":"post","link":"https:\/\/www.green-expo.be\/fr\/la-mobilite-electrique\/","title":{"rendered":"Un nouvel acteur sur le march\u00e9 belge en 2026 \u2013 la mobilit\u00e9 \u00e9lectrique comme levier pour un secteur plus vert"},"content":{"rendered":"\t\t<div data-elementor-type=\"wp-post\" data-elementor-id=\"44593\" class=\"elementor elementor-44593 elementor-44578\" data-elementor-post-type=\"post\">\n\t\t\t\t<div class=\"elementor-element elementor-element-1f0db43 e-flex e-con-boxed e-con e-parent\" data-id=\"1f0db43\" data-element_type=\"container\">\n\t\t\t\t\t<div class=\"e-con-inner\">\n\t\t\t\t<div class=\"elementor-element elementor-element-b83bbcf elementor-widget elementor-widget-text-editor\" data-id=\"b83bbcf\" data-element_type=\"widget\" data-widget_type=\"text-editor.default\">\n\t\t\t\t<div class=\"elementor-widget-container\">\n\t\t\t\t\t\t\t\t\t<p><span style=\"font-weight: 400;\">La transition vers un secteur vert plus durable n\u00e9cessite des choix r\u00e9fl\u00e9chis en mati\u00e8re de mat\u00e9riaux, de consommation d\u2019\u00e9nergie et de mobilit\u00e9. Les communes, les services des espaces verts et les entrepreneurs font aujourd\u2019hui face \u00e0 de grands d\u00e9fis : r\u00e9duction des \u00e9missions, normes environnementales plus strictes, adaptation climatique, gestion de l\u2019eau et renforcement de la biodiversit\u00e9. Dans ce contexte, la mobilit\u00e9 \u00e9lectrique devient un maillon strat\u00e9gique.<\/span><\/p>\n<p><span style=\"font-weight: 400;\">Avec l\u2019introduction du G4+, Goupil franchit une nouvelle \u00e9tape sur le march\u00e9 belge en 2026. Ce nouveau mod\u00e8le de la gamme de v\u00e9hicules utilitaires \u00e9lectriques a \u00e9t\u00e9 d\u00e9velopp\u00e9 pour soutenir les professionnels dans leurs activit\u00e9s quotidiennes, dans le respect de l\u2019homme et de l\u2019environnement.<\/span><\/p>\n<p><b>Progr\u00e8s technologique au service de la durabilit\u00e9<\/b><\/p>\n<p><span style=\"font-weight: 400;\">Le G4+ repr\u00e9sente une \u00e9volution claire par rapport \u00e0 son pr\u00e9d\u00e9cesseur et combine performance et efficacit\u00e9 :<\/span><\/p>\n<ul>\n<li style=\"font-weight: 400;\" aria-level=\"1\"><b>Autonomie accrue<\/b><span style=\"font-weight: 400;\"> : gr\u00e2ce \u00e0 une batterie LFP de 30 kWh, le v\u00e9hicule offre une autonomie allant jusqu\u2019\u00e0 187 km. Cela le rend adapt\u00e9 \u00e0 une utilisation intensive dans les services verts urbains, la gestion des parcs ou l\u2019entretien des cours d\u2019eau.<\/span><\/li>\n<\/ul>\n<p><\/p>\n<ul>\n<li style=\"font-weight: 400;\" aria-level=\"1\"><b>Capacit\u00e9 de charge<\/b><span style=\"font-weight: 400;\"> : jusqu\u2019\u00e0 1235 kg, avec une vitesse maximale de 70 km\/h \u2014 id\u00e9al pour les services communaux et les entrepreneurs qui souhaitent transporter efficacement du mat\u00e9riel et des d\u00e9chets verts.<\/span><\/li>\n<\/ul>\n<p><\/p>\n<ul>\n<li style=\"font-weight: 400;\" aria-level=\"1\"><b>Stabilit\u00e9 et maniabilit\u00e9<\/b><span style=\"font-weight: 400;\"> : un ch\u00e2ssis optimis\u00e9 avec une meilleure r\u00e9partition du poids et un centre de gravit\u00e9 bas am\u00e9liore la s\u00e9curit\u00e9 et la polyvalence, m\u00eame sur des terrains plus difficiles.<\/span><\/li>\n<\/ul>\n<p><span style=\"font-weight: 400;\">Pour le secteur vert, cela signifie concr\u00e8tement : moins d\u2019\u00e9missions de CO\u2082, moins de nuisances sonores dans les environnements sensibles tels que les parcs et les r\u00e9serves naturelles, et un impact r\u00e9duit sur l\u2019environnement. Les v\u00e9hicules \u00e9lectriques contribuent ainsi \u00e0 des villes et communes plus saines o\u00f9 la biodiversit\u00e9 et les am\u00e9nagements climatiques trouvent leur place.<\/span><\/p>\n\t\t\t\t\t\t\t\t<\/div>\n\t\t\t\t<\/div>\n\t\t\t\t<div class=\"elementor-element elementor-element-33fea0c elementor-widget elementor-widget-image\" data-id=\"33fea0c\" data-element_type=\"widget\" data-widget_type=\"image.default\">\n\t\t\t\t<div class=\"elementor-widget-container\">\n\t\t\t\t\t\t\t\t\t\t\t\t\t\t\t<img fetchpriority=\"high\" decoding=\"async\" width=\"300\" height=\"200\" src=\"https:\/\/easyfairsassets.com\/sites\/172\/2026\/03\/G4_a-300x200.jpg\" class=\"attachment-medium size-medium wp-image-44585\" alt=\"\" srcset=\"https:\/\/easyfairsassets.com\/sites\/172\/2026\/03\/G4_a-300x200.jpg 300w, https:\/\/easyfairsassets.com\/sites\/172\/2026\/03\/G4_a-1024x683.jpg 1024w, https:\/\/easyfairsassets.com\/sites\/172\/2026\/03\/G4_a-768x512.jpg 768w, https:\/\/easyfairsassets.com\/sites\/172\/2026\/03\/G4_a-1536x1024.jpg 1536w, https:\/\/easyfairsassets.com\/sites\/172\/2026\/03\/G4_a.jpg 1920w\" sizes=\"(max-width: 300px) 100vw, 300px\" \/>\t\t\t\t\t\t\t\t\t\t\t\t\t\t\t<\/div>\n\t\t\t\t<\/div>\n\t\t\t\t\t<\/div>\n\t\t\t\t<\/div>\n\t\t<div class=\"elementor-element elementor-element-a9cdad6 e-flex e-con-boxed e-con e-parent\" data-id=\"a9cdad6\" data-element_type=\"container\">\n\t\t\t\t\t<div class=\"e-con-inner\">\n\t\t\t\t<div class=\"elementor-element elementor-element-b3327b8 elementor-widget elementor-widget-text-editor\" data-id=\"b3327b8\" data-element_type=\"widget\" data-widget_type=\"text-editor.default\">\n\t\t\t\t<div class=\"elementor-widget-container\">\n\t\t\t\t\t\t\t\t\t<p><b>Confort, s\u00e9curit\u00e9 et vision d\u2019avenir<\/b><\/p>\n<p><span style=\"font-weight: 400;\">L\u2019int\u00e9rieur du G4+ a \u00e9t\u00e9 enti\u00e8rement repens\u00e9 afin de maximiser l\u2019espace et le confort de conduite. Ce n\u2019est pas un luxe superflu pour les professionnels qui passent de longues heures sur la route. Le confort et la s\u00e9curit\u00e9 am\u00e9liorent non seulement le plaisir de travailler, mais aussi l\u2019efficacit\u00e9 des \u00e9quipes sur le terrain.<\/span><\/p>\n<p><span style=\"font-weight: 400;\">Pour Goupil, le G4+ est plus qu\u2019un nouveau mod\u00e8le : c\u2019est un symbole d\u2019innovation et d\u2019ambition durable. L\u2019entreprise souhaite faire de la mobilit\u00e9 \u00e9lectrique une \u00e9vidence pour les professionnels.<\/span><\/p>\n<p><b>Un r\u00f4le cl\u00e9 dans la transition du secteur<\/b><\/p>\n<p><span style=\"font-weight: 400;\">La transition vers des flottes de v\u00e9hicules plus \u00e9cologiques constitue une \u00e9tape concr\u00e8te et visible vers un entrepreneuriat plus durable. Dans un secteur o\u00f9 des th\u00e8mes comme la gestion de l\u2019eau, la qualit\u00e9 des sols et la biodiversit\u00e9 sont centraux, la mobilit\u00e9 ne peut pas rester \u00e0 la tra\u00eene. Les v\u00e9hicules utilitaires \u00e9lectriques tels que le G4+ permettent de combiner performance, efficacit\u00e9 et respect de l\u2019environnement.<\/span><\/p>\n<p><span style=\"font-weight: 400;\">La transition vers une mobilit\u00e9 plus verte est d\u00e9j\u00e0 en marche. Gr\u00e2ce \u00e0 des solutions innovantes, les professionnels peuvent d\u00e8s aujourd\u2019hui contribuer aux villes et paysages durables de demain.<\/span><\/p>\n\t\t\t\t\t\t\t\t<\/div>\n\t\t\t\t<\/div>\n\t\t\t\t\t<\/div>\n\t\t\t\t<\/div>\n\t\t\t\t<\/div>\n\t\t","protected":false},"excerpt":{"rendered":"<p>La transition vers un secteur vert plus durable n\u00e9cessite des choix r\u00e9fl\u00e9chis en mati\u00e8re de mat\u00e9riaux, de consommation d\u2019\u00e9nergie et de mobilit\u00e9. Les communes, les services des espaces verts et les entrepreneurs font aujourd\u2019hui face \u00e0 de grands d\u00e9fis : r\u00e9duction des \u00e9missions, normes environnementales plus strictes, adaptation climatique, gestion de l\u2019eau et renforcement de [&hellip;]<\/p>\n","protected":false},"author":1651,"featured_media":44582,"comment_status":"closed","ping_status":"closed","sticky":false,"template":"","format":"standard","meta":{"_seopress_robots_primary_cat":"none","_seopress_titles_title":"","_seopress_titles_desc":"","_seopress_robots_index":"","footnotes":""},"categories":[447,3],"tags":[],"edition":[422],"class_list":["post-44593","post","type-post","status-publish","format-standard","has-post-thumbnail","hentry","category-exposanten-flash-fr","category-non-classifiee","edition-green-2026"],"_links":{"self":[{"href":"https:\/\/www.green-expo.be\/fr\/wp-json\/wp\/v2\/posts\/44593","targetHints":{"allow":["GET"]}}],"collection":[{"href":"https:\/\/www.green-expo.be\/fr\/wp-json\/wp\/v2\/posts"}],"about":[{"href":"https:\/\/www.green-expo.be\/fr\/wp-json\/wp\/v2\/types\/post"}],"author":[{"embeddable":true,"href":"https:\/\/www.green-expo.be\/fr\/wp-json\/wp\/v2\/users\/1651"}],"replies":[{"embeddable":true,"href":"https:\/\/www.green-expo.be\/fr\/wp-json\/wp\/v2\/comments?post=44593"}],"version-history":[{"count":1,"href":"https:\/\/www.green-expo.be\/fr\/wp-json\/wp\/v2\/posts\/44593\/revisions"}],"predecessor-version":[{"id":44594,"href":"https:\/\/www.green-expo.be\/fr\/wp-json\/wp\/v2\/posts\/44593\/revisions\/44594"}],"wp:featuredmedia":[{"embeddable":true,"href":"https:\/\/www.green-expo.be\/fr\/wp-json\/wp\/v2\/media\/44582"}],"wp:attachment":[{"href":"https:\/\/www.green-expo.be\/fr\/wp-json\/wp\/v2\/media?parent=44593"}],"wp:term":[{"taxonomy":"category","embeddable":true,"href":"https:\/\/www.green-expo.be\/fr\/wp-json\/wp\/v2\/categories?post=44593"},{"taxonomy":"post_tag","embeddable":true,"href":"https:\/\/www.green-expo.be\/fr\/wp-json\/wp\/v2\/tags?post=44593"},{"taxonomy":"edition","embeddable":true,"href":"https:\/\/www.green-expo.be\/fr\/wp-json\/wp\/v2\/edition?post=44593"}],"curies":[{"name":"wp","href":"https:\/\/api.w.org\/{rel}","templated":true}]}}