{"id":44613,"date":"2026-03-11T16:10:08","date_gmt":"2026-03-11T15:10:08","guid":{"rendered":"https:\/\/www.green-expo.be\/yves-heirman-pro4green-le-professionnel-du-jardin-de-demain-sera-a-la-fois-numerique-et-conscient-du-climat\/"},"modified":"2026-03-16T08:48:02","modified_gmt":"2026-03-16T07:48:02","slug":"yves-heirman-pro4green","status":"publish","type":"post","link":"https:\/\/www.green-expo.be\/fr\/yves-heirman-pro4green\/","title":{"rendered":"Yves Heirman (Pro4Green) : \u00ab Le professionnel du jardin de demain sera \u00e0 la fois num\u00e9rique et conscient du climat \u00bb"},"content":{"rendered":"\t\t<div data-elementor-type=\"wp-post\" data-elementor-id=\"44613\" class=\"elementor elementor-44613 elementor-44599\" data-elementor-post-type=\"post\">\n\t\t\t\t<div class=\"elementor-element elementor-element-ae24d0d e-flex e-con-boxed e-con e-parent\" data-id=\"ae24d0d\" data-element_type=\"container\">\n\t\t\t\t\t<div class=\"e-con-inner\">\n\t\t\t\t<div class=\"elementor-element elementor-element-8b9fb52 elementor-widget elementor-widget-text-editor\" data-id=\"8b9fb52\" data-element_type=\"widget\" data-widget_type=\"text-editor.default\">\n\t\t\t\t<div class=\"elementor-widget-container\">\n\t\t\t\t\t\t\t\t\t<p><b>Pro4Green, en tant qu\u2019organisation fa\u00eeti\u00e8re apolitique, est proche \u00e0 la fois de ses membres et des pouvoirs publics. Son directeur Yves Heirman \u00e9voque la vague de digitalisation qui s\u2019annonce et l\u2019\u00e9volution du r\u00f4le de l\u2019entrepreneur paysagiste.<\/b><\/p>\n<p><span style=\"font-weight: 400;\">Le secteur du jardin se trouve \u00e0 un tournant. Le changement climatique, la durabilit\u00e9, l\u2019\u00e9volution de la r\u00e9glementation et la digitalisation ont tous un impact majeur sur le travail des entrepreneurs paysagistes. Selon Yves Heirman, directeur de Pro4Green, il est temps que le secteur n\u2019\u00e9volue pas seulement, mais prenne aussi des initiatives de mani\u00e8re proactive.<\/span><\/p>\n<p><span style=\"font-weight: 400;\">Pro4Green est une association d\u2019int\u00e9r\u00eat active et apolitique, avec une port\u00e9e f\u00e9d\u00e9rale, un ancrage local et une participation internationale. Elle se concentre sp\u00e9cifiquement sur la niche des entrepreneurs paysagistes professionnels, actifs dans l\u2019am\u00e9nagement et l\u2019entretien, au sein de la commission paritaire 145.04. \u00ab Nous repr\u00e9sentons les v\u00e9ritables professionnels : des ind\u00e9pendants aux petites et plus grandes entreprises, ainsi que des \u00e9coles proposant des formations sp\u00e9cialis\u00e9es en horticulture \u00bb, explique Yves.<\/span><\/p>\n<p><b>Un pont neutre vers les d\u00e9cideurs politiques<\/b><\/p>\n<p><span style=\"font-weight: 400;\">Depuis des ann\u00e9es, l\u2019organisation joue un r\u00f4le dans l\u2019\u00e9laboration des politiques, tant au niveau national qu\u2019europ\u00e9en. \u00ab Nous avons contribu\u00e9 \u00e0 la r\u00e9duction de la TVA sur les plantes et travaillons sur des l\u00e9gislations qui ont un impact direct sur notre secteur \u00bb, explique Yves. \u00ab Comme nous ne repr\u00e9sentons aucune couleur politique, nous sommes autour de la table avec diff\u00e9rents cabinets. Car pour changer les choses, il faut pouvoir dialoguer avec tout le monde. \u00bb<\/span><\/p>\n<p><span style=\"font-weight: 400;\">Cette pr\u00e9sence est essentielle, surtout maintenant que la digitalisation s\u2019installe dans le secteur. \u00ab Beaucoup d\u2019entrepreneurs paysagistes pensent encore que cela ne les concerne pas vraiment. Certains ne savent m\u00eame pas ce qu\u2019est Peppol, mais ils vont vite s\u2019en rendre compte \u00bb, dit-il. \u00ab \u00c0 partir de janvier 2026, la facturation \u00e9lectronique deviendra obligatoire pour le B2B et le B2G. Ceux qui suivent notre communication seront pr\u00eats. Pour les autres, le r\u00e9veil risque d\u2019\u00eatre brutal. \u00bb<\/span><\/p>\n\t\t\t\t\t\t\t\t<\/div>\n\t\t\t\t<\/div>\n\t\t\t\t<div class=\"elementor-element elementor-element-86ee339 elementor-widget elementor-widget-image\" data-id=\"86ee339\" data-element_type=\"widget\" data-widget_type=\"image.default\">\n\t\t\t\t<div class=\"elementor-widget-container\">\n\t\t\t\t\t\t\t\t\t\t\t\t\t\t\t<img decoding=\"async\" width=\"343\" height=\"145\" src=\"https:\/\/easyfairsassets.com\/sites\/172\/2026\/03\/Screenshot-2026-03-11-160726.png\" class=\"attachment-large size-large wp-image-44609\" alt=\"\" srcset=\"https:\/\/easyfairsassets.com\/sites\/172\/2026\/03\/Screenshot-2026-03-11-160726.png 343w, https:\/\/easyfairsassets.com\/sites\/172\/2026\/03\/Screenshot-2026-03-11-160726-300x127.png 300w\" sizes=\"(max-width: 343px) 100vw, 343px\" \/>\t\t\t\t\t\t\t\t\t\t\t\t\t\t\t<\/div>\n\t\t\t\t<\/div>\n\t\t\t\t\t<\/div>\n\t\t\t\t<\/div>\n\t\t<div class=\"elementor-element elementor-element-6dbc959 e-flex e-con-boxed e-con e-parent\" data-id=\"6dbc959\" data-element_type=\"container\">\n\t\t\t\t\t<div class=\"e-con-inner\">\n\t\t\t\t<div class=\"elementor-element elementor-element-7a291ef elementor-widget elementor-widget-text-editor\" data-id=\"7a291ef\" data-element_type=\"widget\" data-widget_type=\"text-editor.default\">\n\t\t\t\t<div class=\"elementor-widget-container\">\n\t\t\t\t\t\t\t\t\t<p><b>La digitalisation : bien plus que de l\u2019administration<\/b><\/p>\n<p><span style=\"font-weight: 400;\">Pourtant, la digitalisation ne se limite pas \u00e0 une obligation. \u00ab Elle ouvre d\u2019\u00e9normes opportunit\u00e9s \u00bb, souligne Yves. Pensez aux capteurs intelligents de sol ou d\u2019humidit\u00e9. \u00ab Aujourd\u2019hui, un entrepreneur paysagiste passe chaque semaine v\u00e9rifier l\u2019\u00e9tat d\u2019un arbre r\u00e9cemment plant\u00e9. Gr\u00e2ce aux donn\u00e9es, on peut voir si et o\u00f9 c\u2019est n\u00e9cessaire \u2014 et o\u00f9 ce ne l\u2019est pas. Cela permet d\u2019\u00e9conomiser du temps et de l\u2019argent, tout en am\u00e9liorant la qualit\u00e9 du service. \u00bb<\/span><\/p>\n<p><span style=\"font-weight: 400;\">Les objectifs \u00e9cologiques peuvent \u00e9galement \u00eatre mieux mesur\u00e9s gr\u00e2ce \u00e0 la technologie. \u00ab Pensez aux scores de biodiversit\u00e9 ou au suivi de la sant\u00e9 des sols. Les d\u00e9cideurs politiques demandent aujourd\u2019hui \u2018plus d\u2019\u00e9cologie\u2019, mais comment la mesurer objectivement ? Il reste encore beaucoup d\u2019opportunit\u00e9s dans ce domaine. \u00bb<\/span><\/p>\n<p><b>\u00ab Le secteur du jardin n\u2019est pas simplement un secteur vert \u00bb<\/b><\/p>\n<p><span style=\"font-weight: 400;\">Selon Yves, le secteur est encore trop souvent plac\u00e9 dans une cat\u00e9gorie trop large. \u00ab Nous ne sommes pas des agriculteurs ni des horticulteurs. Notre secteur est purement orient\u00e9 vers les services. Mais \u00e0 cause de cette classification g\u00e9n\u00e9rale, les entrepreneurs paysagistes sont encore trop souvent confondus avec des emplois peu qualifi\u00e9s et mal r\u00e9mun\u00e9r\u00e9s. Une image parfois associ\u00e9e au travail saisonnier, mais qui ne correspond absolument pas \u00e0 la r\u00e9alit\u00e9 du secteur du jardin. \u00bb<\/span><\/p>\n<p><span style=\"font-weight: 400;\">Pourtant, l\u2019am\u00e9nagement et l\u2019entretien des jardins se portent bien. \u00ab En quinze ans, notre secteur a doubl\u00e9 en chiffre d\u2019affaires et en emploi. Plus de 40 000 personnes \u2014 ind\u00e9pendants et employ\u00e9s \u2014 y travaillent aujourd\u2019hui quotidiennement. Et pourtant, les entrepreneurs paysagistes pourraient encore mieux mettre en avant leur valeur ajout\u00e9e. \u00bb<\/span><\/p>\n<p><b>La force du dialogue<\/b><\/p>\n<p><span style=\"font-weight: 400;\">\u00ab Un client demande peut-\u00eatre du rev\u00eatement, mais si vous expliquez ce qu\u2019apporte une wadi ou comment une zone sauvage augmente la biodiversit\u00e9, l\u2019int\u00e9r\u00eat appara\u00eet souvent \u00bb, explique Yves. \u00ab Le client veut naturellement rester le d\u00e9cideur final, mais s\u2019il est bien inform\u00e9 et que cela reste rentable pour l\u2019entreprise, nous pouvons accomplir beaucoup ensemble. \u00bb<\/span><\/p>\n<p><span style=\"font-weight: 400;\">La collaboration avec d\u2019autres secteurs se renforce \u00e9galement. \u00ab Les promoteurs immobiliers ne se contentent plus d\u2019installer des pelouses : ils travaillent avec des entrepreneurs paysagistes pour des toitures v\u00e9g\u00e9talis\u00e9es ou des solutions climatiques. Cette expertise doit \u00eatre reconnue \u00e0 sa juste valeur. Le v\u00e9g\u00e9tal de qualit\u00e9 n\u2019est pas une \u00e9vidence \u2014 il demande des connaissances solides. \u00bb<\/span><\/p>\n<p><b>Green Expo comme moteur<\/b><\/p>\n<p><span style=\"font-weight: 400;\">Avec Green Expo 2026 en ligne de mire, Pro4Green pr\u00e9pare d\u00e9j\u00e0 sa pr\u00e9sence. \u00ab Un salon comme celui-ci est plus qu\u2019un simple moment. Il d\u00e9clenche un mouvement d\u2019information, m\u00eame chez ceux qui ne viennent pas physiquement. \u00bb<\/span><\/p>\n<p><span style=\"font-weight: 400;\">Lors de la prochaine \u00e9dition, l\u2019accent sera mis sur la digitalisation, la rentabilit\u00e9 et une vision r\u00e9aliste des politiques publiques. \u00ab Nous voulons montrer que le professionnel du jardin de demain est bien plus qu\u2019un ex\u00e9cutant. C\u2019est un d\u00e9tenteur de connaissances, un partenaire de l\u2019adaptation climatique et un entrepreneur qui contribue \u00e0 fa\u00e7onner l\u2019avenir. \u00bb<\/span><\/p>\n\t\t\t\t\t\t\t\t<\/div>\n\t\t\t\t<\/div>\n\t\t\t\t\t<\/div>\n\t\t\t\t<\/div>\n\t\t\t\t<\/div>\n\t\t","protected":false},"excerpt":{"rendered":"<p>Pro4Green, en tant qu\u2019organisation fa\u00eeti\u00e8re apolitique, est proche \u00e0 la fois de ses membres et des pouvoirs publics. Son directeur Yves Heirman \u00e9voque la vague de digitalisation qui s\u2019annonce et l\u2019\u00e9volution du r\u00f4le de l\u2019entrepreneur paysagiste. Le secteur du jardin se trouve \u00e0 un tournant. Le changement climatique, la durabilit\u00e9, l\u2019\u00e9volution de la r\u00e9glementation et [&hellip;]<\/p>\n","protected":false},"author":1651,"featured_media":44606,"comment_status":"closed","ping_status":"closed","sticky":false,"template":"","format":"standard","meta":{"_seopress_robots_primary_cat":"none","_seopress_titles_title":"","_seopress_titles_desc":"","_seopress_robots_index":"","footnotes":""},"categories":[447,452],"tags":[],"edition":[422],"class_list":["post-44613","post","type-post","status-publish","format-standard","has-post-thumbnail","hentry","category-exposanten-flash-fr","category-green-nieuws-fr","edition-green-2026"],"_links":{"self":[{"href":"https:\/\/www.green-expo.be\/fr\/wp-json\/wp\/v2\/posts\/44613","targetHints":{"allow":["GET"]}}],"collection":[{"href":"https:\/\/www.green-expo.be\/fr\/wp-json\/wp\/v2\/posts"}],"about":[{"href":"https:\/\/www.green-expo.be\/fr\/wp-json\/wp\/v2\/types\/post"}],"author":[{"embeddable":true,"href":"https:\/\/www.green-expo.be\/fr\/wp-json\/wp\/v2\/users\/1651"}],"replies":[{"embeddable":true,"href":"https:\/\/www.green-expo.be\/fr\/wp-json\/wp\/v2\/comments?post=44613"}],"version-history":[{"count":1,"href":"https:\/\/www.green-expo.be\/fr\/wp-json\/wp\/v2\/posts\/44613\/revisions"}],"predecessor-version":[{"id":44614,"href":"https:\/\/www.green-expo.be\/fr\/wp-json\/wp\/v2\/posts\/44613\/revisions\/44614"}],"wp:featuredmedia":[{"embeddable":true,"href":"https:\/\/www.green-expo.be\/fr\/wp-json\/wp\/v2\/media\/44606"}],"wp:attachment":[{"href":"https:\/\/www.green-expo.be\/fr\/wp-json\/wp\/v2\/media?parent=44613"}],"wp:term":[{"taxonomy":"category","embeddable":true,"href":"https:\/\/www.green-expo.be\/fr\/wp-json\/wp\/v2\/categories?post=44613"},{"taxonomy":"post_tag","embeddable":true,"href":"https:\/\/www.green-expo.be\/fr\/wp-json\/wp\/v2\/tags?post=44613"},{"taxonomy":"edition","embeddable":true,"href":"https:\/\/www.green-expo.be\/fr\/wp-json\/wp\/v2\/edition?post=44613"}],"curies":[{"name":"wp","href":"https:\/\/api.w.org\/{rel}","templated":true}]}}