{"id":44624,"date":"2026-03-11T16:23:20","date_gmt":"2026-03-11T15:23:20","guid":{"rendered":"https:\/\/www.green-expo.be\/concours-de-vlaamse-tuinaannemer-celebre-30-ans-de-savoir-faire-dans-le-secteur-vert-flamand\/"},"modified":"2026-03-16T08:50:18","modified_gmt":"2026-03-16T07:50:18","slug":"concours-de-vlaamse-tuinaannemer","status":"publish","type":"post","link":"https:\/\/www.green-expo.be\/fr\/concours-de-vlaamse-tuinaannemer\/","title":{"rendered":"Concours \u00ab De Vlaamse Tuinaannemer \u00bb c\u00e9l\u00e8bre 30 ans de savoir-faire dans le secteur vert flamand"},"content":{"rendered":"\t\t<div data-elementor-type=\"wp-post\" data-elementor-id=\"44624\" class=\"elementor elementor-44624 elementor-44615\" data-elementor-post-type=\"post\">\n\t\t\t\t<div class=\"elementor-element elementor-element-6387096 e-flex e-con-boxed e-con e-parent\" data-id=\"6387096\" data-element_type=\"container\">\n\t\t\t\t\t<div class=\"e-con-inner\">\n\t\t\t\t<div class=\"elementor-element elementor-element-9c05450 elementor-widget elementor-widget-text-editor\" data-id=\"9c05450\" data-element_type=\"widget\" data-widget_type=\"text-editor.default\">\n\t\t\t\t<div class=\"elementor-widget-container\">\n\t\t\t\t\t\t\t\t\t<p><span style=\"font-weight: 400;\">Le concours \u00ab De Vlaamse Tuinaannemer \u00bb atteindra en 2026 une \u00e9tape importante. Depuis trente ans, cette initiative met \u00e0 l\u2019honneur les plus belles r\u00e9alisations de jardins en Flandre et r\u00e9compense les projets qui se distinguent par leur savoir-faire, leur finition et une approche r\u00e9fl\u00e9chie et durable.<\/span><\/p>\n<p><span style=\"font-weight: 400;\">Ce qui a commenc\u00e9 comme une initiative sectorielle est devenu une r\u00e9f\u00e9rence dans le secteur vert. Pour les entrepreneurs paysagistes, le concours repr\u00e9sente une occasion de faire \u00e9valuer leurs projets par un jury professionnel et de donner davantage de visibilit\u00e9 \u00e0 des conceptions de jardins inspirantes.<\/span><\/p>\n<h3><b>Du jardin urbain compact au projet paysager<\/b><\/h3>\n<p><span style=\"font-weight: 400;\">Le concours refl\u00e8te la diversit\u00e9 du m\u00e9tier. Les entrepreneurs paysagistes peuvent inscrire leurs projets dans diff\u00e9rentes cat\u00e9gories, afin que les petites r\u00e9alisations comme les projets plus vastes trouvent leur place.<\/span><\/p>\n<p><span style=\"font-weight: 400;\">Les cat\u00e9gories pour cette \u00e9dition anniversaire sont :<\/span><\/p>\n<ul>\n<li style=\"font-weight: 400;\" aria-level=\"1\"><span style=\"font-weight: 400;\">\u00a0Kamertuinen &lt; 150 m\u00b2<\/span><\/li>\n<li style=\"font-weight: 400;\" aria-level=\"1\"><span style=\"font-weight: 400;\">(Stads)tuinen &lt; 250 m\u00b2<\/span><\/li>\n<li style=\"font-weight: 400;\" aria-level=\"1\"><span style=\"font-weight: 400;\">Tuinen tussen 250 en 1500 m\u00b2<\/span><\/li>\n<li style=\"font-weight: 400;\" aria-level=\"1\"><span style=\"font-weight: 400;\">Tuinen &gt; 1500 m\u00b2<\/span><\/li>\n<li style=\"font-weight: 400;\" aria-level=\"1\"><span style=\"font-weight: 400;\">Daktuinen<\/span><\/li>\n<\/ul>\n<p><span style=\"font-weight: 400;\">Elles couvrent ainsi diff\u00e9rents types de projets, allant des jardins urbains compacts aux am\u00e9nagements paysagers plus \u00e9tendus.<\/span><\/p>\n<h3><b>Importance croissante des toitures v\u00e9g\u00e9talis\u00e9es<\/b><\/h3>\n<p><span style=\"font-weight: 400;\">Dans le concours, la cat\u00e9gorie des daktuinen b\u00e9n\u00e9ficie \u00e9galement d\u2019une attention particuli\u00e8re. Dans les contextes urbains, ces am\u00e9nagements sont de plus en plus utilis\u00e9s comme solution de v\u00e9g\u00e9talisation, de r\u00e9tention d\u2019eau et d\u2019espace de vie suppl\u00e9mentaire.<\/span><\/p>\n<p><span style=\"font-weight: 400;\">Pour encourager cette \u00e9volution, les participants peuvent soumettre deux projets si l\u2019un d\u2019eux est une daktuin. L\u2019importance croissante des toitures v\u00e9g\u00e9talis\u00e9es dans le secteur est ainsi clairement mise en avant.<\/span><\/p>\n<h3><b>Reconnaissance du design et de la r\u00e9alisation<\/b><\/h3>\n<p><span style=\"font-weight: 400;\">Un jardin de qualit\u00e9 est toujours le r\u00e9sultat d\u2019une collaboration entre conception et r\u00e9alisation. C\u2019est pourquoi, en plus des prix par cat\u00e9gorie, un architectuurprijs sera \u00e9galement d\u00e9cern\u00e9. Cette distinction met en lumi\u00e8re le r\u00f4le des architectes paysagistes et souligne l\u2019importance d\u2019une conception solide dans la r\u00e9ussite d\u2019un projet de jardin.<\/span><\/p>\n<p><span style=\"font-weight: 400;\">Les architectes paysagistes et les entrepreneurs paysagistes peuvent soumettre ensemble un projet r\u00e9alis\u00e9.<\/span><\/p>\n\t\t\t\t\t\t\t\t<\/div>\n\t\t\t\t<\/div>\n\t\t\t\t<div class=\"elementor-element elementor-element-f621f07 elementor-widget elementor-widget-image\" data-id=\"f621f07\" data-element_type=\"widget\" data-widget_type=\"image.default\">\n\t\t\t\t<div class=\"elementor-widget-container\">\n\t\t\t\t\t\t\t\t\t\t\t\t\t\t\t<img fetchpriority=\"high\" decoding=\"async\" width=\"300\" height=\"205\" src=\"https:\/\/easyfairsassets.com\/sites\/172\/2026\/03\/Screenshot-2026-03-11-161519-300x205.png\" class=\"attachment-medium size-medium wp-image-44620\" alt=\"\" srcset=\"https:\/\/easyfairsassets.com\/sites\/172\/2026\/03\/Screenshot-2026-03-11-161519-300x205.png 300w, https:\/\/easyfairsassets.com\/sites\/172\/2026\/03\/Screenshot-2026-03-11-161519-768x525.png 768w, https:\/\/easyfairsassets.com\/sites\/172\/2026\/03\/Screenshot-2026-03-11-161519.png 870w\" sizes=\"(max-width: 300px) 100vw, 300px\" \/>\t\t\t\t\t\t\t\t\t\t\t\t\t\t\t<\/div>\n\t\t\t\t<\/div>\n\t\t\t\t\t<\/div>\n\t\t\t\t<\/div>\n\t\t<div class=\"elementor-element elementor-element-b416412 e-flex e-con-boxed e-con e-parent\" data-id=\"b416412\" data-element_type=\"container\">\n\t\t\t\t\t<div class=\"e-con-inner\">\n\t\t\t\t<div class=\"elementor-element elementor-element-200ac02 elementor-widget elementor-widget-text-editor\" data-id=\"200ac02\" data-element_type=\"widget\" data-widget_type=\"text-editor.default\">\n\t\t\t\t<div class=\"elementor-widget-container\">\n\t\t\t\t\t\t\t\t\t<h3><b>Jeunes talents dans le secteur<\/b><\/h3>\n<p><span style=\"font-weight: 400;\">Outre les acteurs \u00e9tablis, les jeunes professionnels ont \u00e9galement leur place dans le concours. Avec le label \u00ab Jong Talent \u00bb, l\u2019organisation souhaite offrir davantage de visibilit\u00e9 aux entrepreneurs paysagistes d\u00e9butants.<\/span><\/p>\n<p><span style=\"font-weight: 400;\">Le label s\u2019adresse aux entrepreneurs de moins de 30 ans ou aux entreprises actives depuis moins de cinq ans. L\u2019initiative vise \u00e0 encourager les jeunes professionnels \u00e0 pr\u00e9senter leur travail et \u00e0 poursuivre leur d\u00e9veloppement dans le secteur.<\/span><\/p>\n<h3><b>Inscriptions ouvertes<\/b><\/h3>\n<p><span style=\"font-weight: 400;\">Les entrepreneurs paysagistes qui souhaitent soumettre un projet r\u00e9alis\u00e9 pour cette \u00e9dition anniversaire peuvent le faire jusqu\u2019au 3 mai 2026. L\u2019organisation recommande aux participants de prendre le temps de pr\u00e9parer soigneusement leur dossier : choisissez un projet dont vous \u00eates fier, enti\u00e8rement achev\u00e9 et dont la conception et la r\u00e9alisation peuvent \u00eatre clairement pr\u00e9sent\u00e9es.<\/span><\/p>\n<p><span style=\"font-weight: 400;\">Ne manquez pas cette occasion ! <a href=\"https:\/\/inschrijvingen.vlaamsetuinaannemer.com\/login\/\">Inscrivez votre projet<\/a> au concours via la plateforme d\u2019inscription en ligne.\u00a0<\/span><\/p>\n<p><span style=\"font-weight: 400;\">Plus d\u2019informations sur le concours, les cat\u00e9gories et le d\u00e9roulement de la s\u00e9lection sont disponibles sur : <\/span><a href=\"http:\/\/www.vlaamsetuinaannemer.com\"><span style=\"font-weight: 400;\">www.vlaamsetuinaannemer.com<\/span><\/a><\/p>\n<p><span style=\"font-weight: 400;\">La prochaine \u00e9dition promet une fois de plus d\u2019offrir un aper\u00e7u solide du savoir-faire, de la cr\u00e9ativit\u00e9 et des ambitions durables qui animent aujourd\u2019hui le secteur vert flamand. \ud83c\udf31<\/span><\/p>\n\t\t\t\t\t\t\t\t<\/div>\n\t\t\t\t<\/div>\n\t\t\t\t\t<\/div>\n\t\t\t\t<\/div>\n\t\t\t\t<\/div>\n\t\t","protected":false},"excerpt":{"rendered":"<p>Le concours \u00ab De Vlaamse Tuinaannemer \u00bb atteindra en 2026 une \u00e9tape importante. Depuis trente ans, cette initiative met \u00e0 l\u2019honneur les plus belles r\u00e9alisations de jardins en Flandre et r\u00e9compense les projets qui se distinguent par leur savoir-faire, leur finition et une approche r\u00e9fl\u00e9chie et durable. Ce qui a commenc\u00e9 comme une initiative sectorielle [&hellip;]<\/p>\n","protected":false},"author":1651,"featured_media":44558,"comment_status":"closed","ping_status":"closed","sticky":false,"template":"","format":"standard","meta":{"_seopress_robots_primary_cat":"none","_seopress_titles_title":"","_seopress_titles_desc":"","_seopress_robots_index":"","footnotes":""},"categories":[1],"tags":[],"edition":[422],"class_list":["post-44624","post","type-post","status-publish","format-standard","has-post-thumbnail","hentry","category-geen-onderdeel-van-een-categorie","edition-green-2026"],"_links":{"self":[{"href":"https:\/\/www.green-expo.be\/fr\/wp-json\/wp\/v2\/posts\/44624","targetHints":{"allow":["GET"]}}],"collection":[{"href":"https:\/\/www.green-expo.be\/fr\/wp-json\/wp\/v2\/posts"}],"about":[{"href":"https:\/\/www.green-expo.be\/fr\/wp-json\/wp\/v2\/types\/post"}],"author":[{"embeddable":true,"href":"https:\/\/www.green-expo.be\/fr\/wp-json\/wp\/v2\/users\/1651"}],"replies":[{"embeddable":true,"href":"https:\/\/www.green-expo.be\/fr\/wp-json\/wp\/v2\/comments?post=44624"}],"version-history":[{"count":1,"href":"https:\/\/www.green-expo.be\/fr\/wp-json\/wp\/v2\/posts\/44624\/revisions"}],"predecessor-version":[{"id":44625,"href":"https:\/\/www.green-expo.be\/fr\/wp-json\/wp\/v2\/posts\/44624\/revisions\/44625"}],"wp:featuredmedia":[{"embeddable":true,"href":"https:\/\/www.green-expo.be\/fr\/wp-json\/wp\/v2\/media\/44558"}],"wp:attachment":[{"href":"https:\/\/www.green-expo.be\/fr\/wp-json\/wp\/v2\/media?parent=44624"}],"wp:term":[{"taxonomy":"category","embeddable":true,"href":"https:\/\/www.green-expo.be\/fr\/wp-json\/wp\/v2\/categories?post=44624"},{"taxonomy":"post_tag","embeddable":true,"href":"https:\/\/www.green-expo.be\/fr\/wp-json\/wp\/v2\/tags?post=44624"},{"taxonomy":"edition","embeddable":true,"href":"https:\/\/www.green-expo.be\/fr\/wp-json\/wp\/v2\/edition?post=44624"}],"curies":[{"name":"wp","href":"https:\/\/api.w.org\/{rel}","templated":true}]}}